{"id":6393,"date":"2015-12-02T14:34:36","date_gmt":"2015-12-02T13:34:36","guid":{"rendered":"http:\/\/www.educacionenmalaga.es\/bilinguismo\/?p=6393"},"modified":"2015-12-02T14:34:36","modified_gmt":"2015-12-02T13:34:36","slug":"ka2-en-ceip-los-campanales","status":"publish","type":"post","link":"https:\/\/blogsaverroes.juntadeandalucia.es\/plurilinguismodelegacionmalaga\/2015\/12\/02\/ka2-en-ceip-los-campanales\/","title":{"rendered":"KA2 en CEIP Los Campanales"},"content":{"rendered":"<p style=\"text-align: justify\"><a href=\"https:\/\/blogsaverroes.juntadeandalucia.es\/plurilinguismodelegacionmalaga\/files\/2015\/12\/campanales-2.jpg\"><img loading=\"lazy\" decoding=\"async\" class=\"size-medium wp-image-6397 alignright\" src=\"http:\/\/www.educacionenmalaga.es\/bilinguismo\/files\/2015\/12\/campanales-2-300x200.jpg\" alt=\"campanales 2\" width=\"300\" height=\"200\" srcset=\"https:\/\/blogsaverroes.juntadeandalucia.es\/plurilinguismodelegacionmalaga\/files\/2015\/12\/campanales-2-300x200.jpg 300w, https:\/\/blogsaverroes.juntadeandalucia.es\/plurilinguismodelegacionmalaga\/files\/2015\/12\/campanales-2-24x16.jpg 24w, https:\/\/blogsaverroes.juntadeandalucia.es\/plurilinguismodelegacionmalaga\/files\/2015\/12\/campanales-2-36x24.jpg 36w, https:\/\/blogsaverroes.juntadeandalucia.es\/plurilinguismodelegacionmalaga\/files\/2015\/12\/campanales-2-48x32.jpg 48w, https:\/\/blogsaverroes.juntadeandalucia.es\/plurilinguismodelegacionmalaga\/files\/2015\/12\/campanales-2.jpg 720w\" sizes=\"(max-width: 300px) 100vw, 300px\" \/><\/a>El CEIP Los Campanales participa junto a Francia como coordinador, Gran Breta\u00f1a, Turqu\u00eda, Hungr\u00eda e Italia en el proyecto Home of my Europe (HOME) donde alumnado tanto de Infantil como de primaria, va a estudiar en un periodo de 3 a\u00f1os la variedad de edificaciones en Europa, el uso, construcci\u00f3n y las implicaciones afectivas y emocionales de las casas, as\u00ed como la integraci\u00f3n a nivel supranacional de los diferentes pa\u00edses en Europa.<\/p>\n<p style=\"text-align: justify\">Han participado en la elaboraci\u00f3n del calendario de actividades y productos finales del proyecto y han asistido en el Maternelle Nuyens de Burdeos a una actividad de introducci\u00f3n a la estructura de la casa a trav\u00e9s de dos formas, una emp\u00edrica del alumnado de infantil a trav\u00e9s de la psicomotricidad y otra a trav\u00e9s de la explicaci\u00f3n de una arquitecta del colegio de arquitectos de dicha ciudad con el uso de un material pl\u00e1stico interesant\u00edsimo, basado en un cubo 3D con el que los alumnos trabajan y construyen casas.<\/p>\n<p style=\"text-align: justify\"><!--more--><\/p>\n<p style=\"text-align: justify\">Por otra parte, han utilizado\u00a0el espacio web de Etwinning con lo que se integra esta estructura en el proyecto y est\u00e1 abierto a los docentes que est\u00e9n dados de alta en el propio Etwinning.<\/p>\n<p style=\"text-align: justify\"><a href=\"https:\/\/blogsaverroes.juntadeandalucia.es\/plurilinguismodelegacionmalaga\/files\/2015\/12\/campanales1.jpg\"><img loading=\"lazy\" decoding=\"async\" class=\"alignleft size-full wp-image-6396\" src=\"https:\/\/blogsaverroes.juntadeandalucia.es\/plurilinguismodelegacionmalaga\/files\/2015\/12\/campanales1.jpg\" alt=\"campanales1\" width=\"187\" height=\"187\" srcset=\"https:\/\/blogsaverroes.juntadeandalucia.es\/plurilinguismodelegacionmalaga\/files\/2015\/12\/campanales1.jpg 187w, https:\/\/blogsaverroes.juntadeandalucia.es\/plurilinguismodelegacionmalaga\/files\/2015\/12\/campanales1-150x150.jpg 150w, https:\/\/blogsaverroes.juntadeandalucia.es\/plurilinguismodelegacionmalaga\/files\/2015\/12\/campanales1-100x100.jpg 100w, https:\/\/blogsaverroes.juntadeandalucia.es\/plurilinguismodelegacionmalaga\/files\/2015\/12\/campanales1-160x160.jpg 160w, https:\/\/blogsaverroes.juntadeandalucia.es\/plurilinguismodelegacionmalaga\/files\/2015\/12\/campanales1-24x24.jpg 24w, https:\/\/blogsaverroes.juntadeandalucia.es\/plurilinguismodelegacionmalaga\/files\/2015\/12\/campanales1-36x36.jpg 36w, https:\/\/blogsaverroes.juntadeandalucia.es\/plurilinguismodelegacionmalaga\/files\/2015\/12\/campanales1-48x48.jpg 48w\" sizes=\"(max-width: 187px) 100vw, 187px\" \/><\/a>Paralelamente, el centro participa en otro proyecto KA219 llamado PC Game, donde se analizan las metodolog\u00edas, recursos y actividades para el fomento del aprendizaje de la lengua inglesa en la primera infancia, junto a Ruman\u00eda e Italia, ya que Lituania se ha retirado del proyecto tras ser aprobado. De este proyecto tambi\u00e9n se ha asistido a la primera reuni\u00f3n transnacional en Ruman\u00eda donde se han adjudicado las tareas, fijado calendarios y comenzado las actividades dise\u00f1adas.<\/p>\n","protected":false},"excerpt":{"rendered":"<p>El CEIP Los Campanales participa junto a Francia como coordinador, Gran Breta\u00f1a, Turqu\u00eda, Hungr\u00eda e Italia en el proyecto Home of my Europe (HOME) donde alumnado tanto de Infantil como de primaria, va a&#46;&#46;&#46;<\/p>\n","protected":false},"author":1124,"featured_media":0,"comment_status":"open","ping_status":"open","sticky":false,"template":"","format":"standard","meta":{"ngg_post_thumbnail":0,"footnotes":""},"categories":[2284639,2134355],"tags":[],"aioseo_notices":[],"_links":{"self":[{"href":"https:\/\/blogsaverroes.juntadeandalucia.es\/plurilinguismodelegacionmalaga\/wp-json\/wp\/v2\/posts\/6393"}],"collection":[{"href":"https:\/\/blogsaverroes.juntadeandalucia.es\/plurilinguismodelegacionmalaga\/wp-json\/wp\/v2\/posts"}],"about":[{"href":"https:\/\/blogsaverroes.juntadeandalucia.es\/plurilinguismodelegacionmalaga\/wp-json\/wp\/v2\/types\/post"}],"author":[{"embeddable":true,"href":"https:\/\/blogsaverroes.juntadeandalucia.es\/plurilinguismodelegacionmalaga\/wp-json\/wp\/v2\/users\/1124"}],"replies":[{"embeddable":true,"href":"https:\/\/blogsaverroes.juntadeandalucia.es\/plurilinguismodelegacionmalaga\/wp-json\/wp\/v2\/comments?post=6393"}],"version-history":[{"count":0,"href":"https:\/\/blogsaverroes.juntadeandalucia.es\/plurilinguismodelegacionmalaga\/wp-json\/wp\/v2\/posts\/6393\/revisions"}],"wp:attachment":[{"href":"https:\/\/blogsaverroes.juntadeandalucia.es\/plurilinguismodelegacionmalaga\/wp-json\/wp\/v2\/media?parent=6393"}],"wp:term":[{"taxonomy":"category","embeddable":true,"href":"https:\/\/blogsaverroes.juntadeandalucia.es\/plurilinguismodelegacionmalaga\/wp-json\/wp\/v2\/categories?post=6393"},{"taxonomy":"post_tag","embeddable":true,"href":"https:\/\/blogsaverroes.juntadeandalucia.es\/plurilinguismodelegacionmalaga\/wp-json\/wp\/v2\/tags?post=6393"}],"curies":[{"name":"wp","href":"https:\/\/api.w.org\/{rel}","templated":true}]}}