{"id":6620,"date":"2016-02-11T13:46:57","date_gmt":"2016-02-11T12:46:57","guid":{"rendered":"http:\/\/www.educacionenmalaga.es\/bilinguismo\/?p=6620"},"modified":"2016-02-11T13:46:57","modified_gmt":"2016-02-11T12:46:57","slug":"erasmus-ka2-en-ies-carlos-alvarez","status":"publish","type":"post","link":"https:\/\/blogsaverroes.juntadeandalucia.es\/plurilinguismodelegacionmalaga\/2016\/02\/11\/erasmus-ka2-en-ies-carlos-alvarez\/","title":{"rendered":"Erasmus + KA2 en IES Carlos \u00c1lvarez"},"content":{"rendered":"<h4 class=\"western\" align=\"JUSTIFY\"><span style=\"font-size: large\"><b><a href=\"https:\/\/blogsaverroes.juntadeandalucia.es\/plurilinguismodelegacionmalaga\/files\/2016\/02\/CONCURSO_foto2.jpg\" rel=\"attachment wp-att-6622\"><img loading=\"lazy\" decoding=\"async\" class=\"alignleft size-medium wp-image-6622\" src=\"http:\/\/www.educacionenmalaga.es\/bilinguismo\/files\/2016\/02\/CONCURSO_foto2-217x300.jpg\" alt=\"CONCURSO_foto2\" width=\"217\" height=\"300\" srcset=\"https:\/\/blogsaverroes.juntadeandalucia.es\/plurilinguismodelegacionmalaga\/files\/2016\/02\/CONCURSO_foto2-217x300.jpg 217w, https:\/\/blogsaverroes.juntadeandalucia.es\/plurilinguismodelegacionmalaga\/files\/2016\/02\/CONCURSO_foto2-768x1062.jpg 768w, https:\/\/blogsaverroes.juntadeandalucia.es\/plurilinguismodelegacionmalaga\/files\/2016\/02\/CONCURSO_foto2-740x1024.jpg 740w, https:\/\/blogsaverroes.juntadeandalucia.es\/plurilinguismodelegacionmalaga\/files\/2016\/02\/CONCURSO_foto2-17x24.jpg 17w, https:\/\/blogsaverroes.juntadeandalucia.es\/plurilinguismodelegacionmalaga\/files\/2016\/02\/CONCURSO_foto2-26x36.jpg 26w, https:\/\/blogsaverroes.juntadeandalucia.es\/plurilinguismodelegacionmalaga\/files\/2016\/02\/CONCURSO_foto2-35x48.jpg 35w, https:\/\/blogsaverroes.juntadeandalucia.es\/plurilinguismodelegacionmalaga\/files\/2016\/02\/CONCURSO_foto2.jpg 1157w\" sizes=\"(max-width: 217px) 100vw, 217px\" \/><\/a>Un proyecto del IES Carlos \u00c1lvarez de Churriana ha sido seleccionado por el Programa Europeo Erasmus+ para el intercambio de buenas pr\u00e1cticas educativas en educaci\u00f3n ambiental.<\/b><\/span><\/h4>\n<p class=\"western\" align=\"JUSTIFY\">El proyecto YOUTH4EARTH. SPACES WITHOUT BORDERS (J\u00f3venes por la Tierra. Espacios sin Fronteras) ha sido seleccionado para su financiaci\u00f3n dentro del programa europeo Erasmus+.<\/p>\n<p class=\"western\" align=\"JUSTIFY\">El alumnado de 3\u00ba de ESO del instituto realizar\u00e1 intercambios con estudiantes de centros educativos de Italia y Polonia para compartir nuestras buenas pr\u00e1cticas en programas medioambientales relacionados con el conocimiento de nuestro entorno y la conservaci\u00f3n de nuestras costas.<!--more--><\/p>\n<p class=\"western\" align=\"JUSTIFY\">En ese sentido, desde hace varios cursos el IES Carlos \u00c1lvarez, dentro de su actividad educativa, participa en el programa internacional de inspecci\u00f3n costera COASTWATCH y en el proyecto de educaci\u00f3n ambiental CORRELIMOS, promovido por la Agencia de Medio Ambiente y la Consejer\u00eda de Educaci\u00f3n.<\/p>\n<p class=\"western\" align=\"JUSTIFY\">Durante los dos cursos en los que se desarrollar\u00e1 el proyecto subvencionado, alumnos y profesores de los centros educativos implicados realizaran diversas actividades conjuntas.<\/p>\n<p class=\"western\" align=\"JUSTIFY\">La primera de esas actividades fue la visita que recibieron en el mes de diciembre\u00a0de profesores de los centros de Italia y Polonia al IES Carlos \u00c1lvarez para celebrar la primera reuni\u00f3n transnacional. Durante los d\u00edas que dur\u00f3 este primer encuentro, se realizaron reuniones de coordinaci\u00f3n, el programa de inspecci\u00f3n costera COASTWATCH, visitas a espacios naturales como la desembocadura del r\u00edo Guadalhorce y a instituciones como el aula del mar.<\/p>\n<p class=\"western\" align=\"JUSTIFY\">Durante los pr\u00f3ximos meses los alumnos de los tres pa\u00edses trabajar\u00e1n conjuntamente, mediante el empleo de diversas herramientas digitales: videoconferencias, intercambio de mails, foros, chats,\u2026 y posteriormente, durante los intercambios, realizar\u00e1n los programas de inspecci\u00f3n costera en Polonia e Italia.<\/p>\n<p class=\"western\" align=\"JUSTIFY\">Los objetivos finales que se persiguen son: la mejora de la competencia ling\u00fc\u00edstica del alumnado y profesorado, compartir y ense\u00f1ar buenas pr\u00e1cticas a estudiantes de otros pa\u00edses, practicar el uso de las nuevas tecnolog\u00edas de la comunicaci\u00f3n y concienciar de la importancia de conocer, mantener y respetar la biodiversidad, el medio ambiente y la diversidad cultural europea.<\/p>\n","protected":false},"excerpt":{"rendered":"<p>Un proyecto del IES Carlos \u00c1lvarez de Churriana ha sido seleccionado por el Programa Europeo Erasmus+ para el intercambio de buenas pr\u00e1cticas educativas en educaci\u00f3n ambiental. El proyecto YOUTH4EARTH. SPACES WITHOUT BORDERS (J\u00f3venes por&#46;&#46;&#46;<\/p>\n","protected":false},"author":1124,"featured_media":0,"comment_status":"open","ping_status":"open","sticky":false,"template":"","format":"standard","meta":{"ngg_post_thumbnail":0,"footnotes":""},"categories":[2284639,2134355],"tags":[],"aioseo_notices":[],"_links":{"self":[{"href":"https:\/\/blogsaverroes.juntadeandalucia.es\/plurilinguismodelegacionmalaga\/wp-json\/wp\/v2\/posts\/6620"}],"collection":[{"href":"https:\/\/blogsaverroes.juntadeandalucia.es\/plurilinguismodelegacionmalaga\/wp-json\/wp\/v2\/posts"}],"about":[{"href":"https:\/\/blogsaverroes.juntadeandalucia.es\/plurilinguismodelegacionmalaga\/wp-json\/wp\/v2\/types\/post"}],"author":[{"embeddable":true,"href":"https:\/\/blogsaverroes.juntadeandalucia.es\/plurilinguismodelegacionmalaga\/wp-json\/wp\/v2\/users\/1124"}],"replies":[{"embeddable":true,"href":"https:\/\/blogsaverroes.juntadeandalucia.es\/plurilinguismodelegacionmalaga\/wp-json\/wp\/v2\/comments?post=6620"}],"version-history":[{"count":0,"href":"https:\/\/blogsaverroes.juntadeandalucia.es\/plurilinguismodelegacionmalaga\/wp-json\/wp\/v2\/posts\/6620\/revisions"}],"wp:attachment":[{"href":"https:\/\/blogsaverroes.juntadeandalucia.es\/plurilinguismodelegacionmalaga\/wp-json\/wp\/v2\/media?parent=6620"}],"wp:term":[{"taxonomy":"category","embeddable":true,"href":"https:\/\/blogsaverroes.juntadeandalucia.es\/plurilinguismodelegacionmalaga\/wp-json\/wp\/v2\/categories?post=6620"},{"taxonomy":"post_tag","embeddable":true,"href":"https:\/\/blogsaverroes.juntadeandalucia.es\/plurilinguismodelegacionmalaga\/wp-json\/wp\/v2\/tags?post=6620"}],"curies":[{"name":"wp","href":"https:\/\/api.w.org\/{rel}","templated":true}]}}