{"id":6626,"date":"2016-02-15T08:11:52","date_gmt":"2016-02-15T07:11:52","guid":{"rendered":"http:\/\/www.educacionenmalaga.es\/bilinguismo\/?p=6626"},"modified":"2016-02-15T08:11:52","modified_gmt":"2016-02-15T07:11:52","slug":"6626","status":"publish","type":"post","link":"https:\/\/blogsaverroes.juntadeandalucia.es\/plurilinguismodelegacionmalaga\/2016\/02\/15\/6626\/","title":{"rendered":"Convocadas estancias profesionales para acoger docentes extranjeros"},"content":{"rendered":"<p style=\"text-align: justify\">Se ha publicado la <a href=\"https:\/\/www.boe.es\/boe\/dias\/2016\/02\/15\/pdfs\/BOE-A-2016-1549.pdf\">Resoluci\u00f3n de 20 de enero de 2016<\/a>, de la Secretar\u00eda de Estado de Educaci\u00f3n,\u00a0Formaci\u00f3n Profesional y Universidades, por la que se convocan plazas para centros educativos de Educaci\u00f3n Infantil y Primaria, Ense\u00f1anza Secundaria, Formaci\u00f3n Profesional o de Ense\u00f1anzas de R\u00e9gimen Especial que deseen\u00a0acoger, durante su estancia profesional, a un docente de Alemania, Austria,\u00a0B\u00e9lgica, Francia, Italia, Pa\u00edses Bajos, el Reino Unido, la Rep\u00fablica de Irlanda\u00a0o Suiza, para el curso 2016\/2017.<\/p>\n<p style=\"text-align: justify\">Los centros educativos interesados en participar en este programa podr\u00e1n hacerlo en una de estas dos modalidades:<br \/>\na)\u00a0Como centro de acogida para un docente ya identificado, procedente de alguno de \u00a0los pa\u00edses incluidos en esta convocatoria, y que est\u00e9 participando en un programa de\u00a0movilidad profesional en su pa\u00eds de origen.<br \/>\nb)\u00a0Como centro que desea acoger a un docente de alguno de estos pa\u00edses y que, en el caso de haber demanda, le sea asignado a trav\u00e9s de esta convocatoria.<\/p>\n<p>La solicitud se realizar\u00e1 mediante <a href=\"http:\/\/www.mecd.gob.es\/servicios-al-ciudadano-mecd\/catalogo\/general\/educacion\/201453\/ficha\/201453-2017.html\">la instancia disponible<\/a> en la sede electr\u00f3nica del MECD La ruta de acceso es:<br \/>\n<em>Portada p\u00e1gina del Ministerio \/ Sede Electr\u00f3nica \/ Educaci\u00f3n \/ Tr\u00e1mites y Servicios \/ Becas, ayudas, subvenciones y premios \/ Para centros docentes y entidades \/ Centros no universitarios \/ Centros que deseen acoger un docente extranjero en estancia profesional (Convocatoria curso 2016-2017)<\/em>.<\/p>\n<p>Ah\u00ed encontrar\u00e9is toda la informaci\u00f3n de la convocatoria, preguntas frecuentes, la direcci\u00f3n de contacto en el Ministerio y el <a href=\"http:\/\/blog.educalab.es\/estanciasprofesionales\/\">Blog de estancias profesionales<\/a> con informaci\u00f3n pr\u00e1ctica y ejemplos de otras experiencias.<\/p>\n<p style=\"text-align: justify\"><span style=\"font-family: NewsGotT\"><br \/>\n<\/span><\/p>\n","protected":false},"excerpt":{"rendered":"<p>Se ha publicado la Resoluci\u00f3n de 20 de enero de 2016, de la Secretar\u00eda de Estado de Educaci\u00f3n,\u00a0Formaci\u00f3n Profesional y Universidades, por la que se convocan plazas para centros educativos de Educaci\u00f3n Infantil y&#46;&#46;&#46;<\/p>\n","protected":false},"author":1124,"featured_media":0,"comment_status":"open","ping_status":"open","sticky":false,"template":"","format":"standard","meta":{"ngg_post_thumbnail":0,"footnotes":""},"categories":[2284639],"tags":[],"aioseo_notices":[],"_links":{"self":[{"href":"https:\/\/blogsaverroes.juntadeandalucia.es\/plurilinguismodelegacionmalaga\/wp-json\/wp\/v2\/posts\/6626"}],"collection":[{"href":"https:\/\/blogsaverroes.juntadeandalucia.es\/plurilinguismodelegacionmalaga\/wp-json\/wp\/v2\/posts"}],"about":[{"href":"https:\/\/blogsaverroes.juntadeandalucia.es\/plurilinguismodelegacionmalaga\/wp-json\/wp\/v2\/types\/post"}],"author":[{"embeddable":true,"href":"https:\/\/blogsaverroes.juntadeandalucia.es\/plurilinguismodelegacionmalaga\/wp-json\/wp\/v2\/users\/1124"}],"replies":[{"embeddable":true,"href":"https:\/\/blogsaverroes.juntadeandalucia.es\/plurilinguismodelegacionmalaga\/wp-json\/wp\/v2\/comments?post=6626"}],"version-history":[{"count":0,"href":"https:\/\/blogsaverroes.juntadeandalucia.es\/plurilinguismodelegacionmalaga\/wp-json\/wp\/v2\/posts\/6626\/revisions"}],"wp:attachment":[{"href":"https:\/\/blogsaverroes.juntadeandalucia.es\/plurilinguismodelegacionmalaga\/wp-json\/wp\/v2\/media?parent=6626"}],"wp:term":[{"taxonomy":"category","embeddable":true,"href":"https:\/\/blogsaverroes.juntadeandalucia.es\/plurilinguismodelegacionmalaga\/wp-json\/wp\/v2\/categories?post=6626"},{"taxonomy":"post_tag","embeddable":true,"href":"https:\/\/blogsaverroes.juntadeandalucia.es\/plurilinguismodelegacionmalaga\/wp-json\/wp\/v2\/tags?post=6626"}],"curies":[{"name":"wp","href":"https:\/\/api.w.org\/{rel}","templated":true}]}}