{"id":6719,"date":"2016-04-13T07:16:37","date_gmt":"2016-04-13T06:16:37","guid":{"rendered":"http:\/\/www.educacionenmalaga.es\/bilinguismo\/?p=6719"},"modified":"2016-04-13T07:16:37","modified_gmt":"2016-04-13T06:16:37","slug":"publicados-listados-definitivos-bolsa-primaria-bilingue","status":"publish","type":"post","link":"https:\/\/blogsaverroes.juntadeandalucia.es\/plurilinguismodelegacionmalaga\/2016\/04\/13\/publicados-listados-definitivos-bolsa-primaria-bilingue\/","title":{"rendered":"Publicados listados definitivos bolsa Primaria biling\u00fce"},"content":{"rendered":"<p style=\"text-align: justify\">La Direcci\u00f3n General del Profesorado y Gesti\u00f3n de Recursos Humanos ha publicado la\u00a0<a href=\"http:\/\/www.juntadeandalucia.es\/educacion\/portals\/web\/ced\/novedades\/-\/contenidos\/detalle\/resolucion-de-12-de-abril-de-2016-de-la-direccion-general-del-profesorado-y-gestion-de-recursos-1\">Resoluci\u00f3n de 12 de abril de 2016<\/a> con los listados definitivos del personal admitido y excluido en la convocatoria para el acceso extraordinario a las bolsas de trabajo con perfil biling\u00fce, de Educaci\u00f3n Primaria en el idioma Ingl\u00e9s del Cuerpo de Maestros.<\/p>\n","protected":false},"excerpt":{"rendered":"<p>La Direcci\u00f3n General del Profesorado y Gesti\u00f3n de Recursos Humanos ha publicado la\u00a0Resoluci\u00f3n de 12 de abril de 2016 con los listados definitivos del personal admitido y excluido en la convocatoria para el acceso&#46;&#46;&#46;<\/p>\n","protected":false},"author":1124,"featured_media":0,"comment_status":"open","ping_status":"open","sticky":false,"template":"","format":"standard","meta":{"ngg_post_thumbnail":0,"footnotes":""},"categories":[2284639],"tags":[],"aioseo_notices":[],"_links":{"self":[{"href":"https:\/\/blogsaverroes.juntadeandalucia.es\/plurilinguismodelegacionmalaga\/wp-json\/wp\/v2\/posts\/6719"}],"collection":[{"href":"https:\/\/blogsaverroes.juntadeandalucia.es\/plurilinguismodelegacionmalaga\/wp-json\/wp\/v2\/posts"}],"about":[{"href":"https:\/\/blogsaverroes.juntadeandalucia.es\/plurilinguismodelegacionmalaga\/wp-json\/wp\/v2\/types\/post"}],"author":[{"embeddable":true,"href":"https:\/\/blogsaverroes.juntadeandalucia.es\/plurilinguismodelegacionmalaga\/wp-json\/wp\/v2\/users\/1124"}],"replies":[{"embeddable":true,"href":"https:\/\/blogsaverroes.juntadeandalucia.es\/plurilinguismodelegacionmalaga\/wp-json\/wp\/v2\/comments?post=6719"}],"version-history":[{"count":0,"href":"https:\/\/blogsaverroes.juntadeandalucia.es\/plurilinguismodelegacionmalaga\/wp-json\/wp\/v2\/posts\/6719\/revisions"}],"wp:attachment":[{"href":"https:\/\/blogsaverroes.juntadeandalucia.es\/plurilinguismodelegacionmalaga\/wp-json\/wp\/v2\/media?parent=6719"}],"wp:term":[{"taxonomy":"category","embeddable":true,"href":"https:\/\/blogsaverroes.juntadeandalucia.es\/plurilinguismodelegacionmalaga\/wp-json\/wp\/v2\/categories?post=6719"},{"taxonomy":"post_tag","embeddable":true,"href":"https:\/\/blogsaverroes.juntadeandalucia.es\/plurilinguismodelegacionmalaga\/wp-json\/wp\/v2\/tags?post=6719"}],"curies":[{"name":"wp","href":"https:\/\/api.w.org\/{rel}","templated":true}]}}