{"id":6739,"date":"2016-04-26T08:23:30","date_gmt":"2016-04-26T07:23:30","guid":{"rendered":"http:\/\/www.educacionenmalaga.es\/bilinguismo\/?p=6739"},"modified":"2016-04-26T08:23:30","modified_gmt":"2016-04-26T07:23:30","slug":"publicado-el-calendario-de-admision-de-eoi","status":"publish","type":"post","link":"https:\/\/blogsaverroes.juntadeandalucia.es\/plurilinguismodelegacionmalaga\/2016\/04\/26\/publicado-el-calendario-de-admision-de-eoi\/","title":{"rendered":"Publicado el calendario de admisi\u00f3n de EOI"},"content":{"rendered":"<p style=\"text-align: justify\">El BOJA de hoy publica la\u00a0<a href=\"http:\/\/juntadeandalucia.es\/boja\/2016\/78\/BOJA16-078-00001-7246-01_00089823.pdf\" target=\"_blank\" rel=\"noopener noreferrer\">Resoluci\u00f3n de 19 de abril de 2016<\/a>, de la Direcci\u00f3n General de Formaci\u00f3n Profesional Inicial y Educaci\u00f3n Permanente, por la que se establece el plazo para dictar y hacer p\u00fablica la resoluci\u00f3n de admisi\u00f3n para el curso 2016-2017, en virtud de lo establecido en la Orden que se cita; sobre el calendario de admisi\u00f3n en Escuelas Oficiales de Idiomas.<br \/>\nEl per\u00edodo de presentaci\u00f3n de solicitudes de admisi\u00f3n en las escuelas oficiales de idiomas ser\u00e1 el comprendido entre el <strong>1 y el 20 de mayo<\/strong> de 2016, ambos inclusive.<\/p>\n","protected":false},"excerpt":{"rendered":"<p>El BOJA de hoy publica la\u00a0Resoluci\u00f3n de 19 de abril de 2016, de la Direcci\u00f3n General de Formaci\u00f3n Profesional Inicial y Educaci\u00f3n Permanente, por la que se establece el plazo para dictar y hacer&#46;&#46;&#46;<\/p>\n","protected":false},"author":1124,"featured_media":0,"comment_status":"open","ping_status":"open","sticky":false,"template":"","format":"standard","meta":{"ngg_post_thumbnail":0,"footnotes":""},"categories":[2284639],"tags":[],"aioseo_notices":[],"_links":{"self":[{"href":"https:\/\/blogsaverroes.juntadeandalucia.es\/plurilinguismodelegacionmalaga\/wp-json\/wp\/v2\/posts\/6739"}],"collection":[{"href":"https:\/\/blogsaverroes.juntadeandalucia.es\/plurilinguismodelegacionmalaga\/wp-json\/wp\/v2\/posts"}],"about":[{"href":"https:\/\/blogsaverroes.juntadeandalucia.es\/plurilinguismodelegacionmalaga\/wp-json\/wp\/v2\/types\/post"}],"author":[{"embeddable":true,"href":"https:\/\/blogsaverroes.juntadeandalucia.es\/plurilinguismodelegacionmalaga\/wp-json\/wp\/v2\/users\/1124"}],"replies":[{"embeddable":true,"href":"https:\/\/blogsaverroes.juntadeandalucia.es\/plurilinguismodelegacionmalaga\/wp-json\/wp\/v2\/comments?post=6739"}],"version-history":[{"count":0,"href":"https:\/\/blogsaverroes.juntadeandalucia.es\/plurilinguismodelegacionmalaga\/wp-json\/wp\/v2\/posts\/6739\/revisions"}],"wp:attachment":[{"href":"https:\/\/blogsaverroes.juntadeandalucia.es\/plurilinguismodelegacionmalaga\/wp-json\/wp\/v2\/media?parent=6739"}],"wp:term":[{"taxonomy":"category","embeddable":true,"href":"https:\/\/blogsaverroes.juntadeandalucia.es\/plurilinguismodelegacionmalaga\/wp-json\/wp\/v2\/categories?post=6739"},{"taxonomy":"post_tag","embeddable":true,"href":"https:\/\/blogsaverroes.juntadeandalucia.es\/plurilinguismodelegacionmalaga\/wp-json\/wp\/v2\/tags?post=6739"}],"curies":[{"name":"wp","href":"https:\/\/api.w.org\/{rel}","templated":true}]}}