{"id":6754,"date":"2016-05-09T10:31:12","date_gmt":"2016-05-09T09:31:12","guid":{"rendered":"http:\/\/www.educacionenmalaga.es\/bilinguismo\/?p=6754"},"modified":"2016-05-09T10:31:12","modified_gmt":"2016-05-09T09:31:12","slug":"abierta-inscripcion-del-mooc-open-etwinning","status":"publish","type":"post","link":"https:\/\/blogsaverroes.juntadeandalucia.es\/plurilinguismodelegacionmalaga\/2016\/05\/09\/abierta-inscripcion-del-mooc-open-etwinning\/","title":{"rendered":"Abierta inscripci\u00f3n del MOOC Open eTwinning"},"content":{"rendered":"<p style=\"text-align: justify\"><span style=\"font-family: NewsGotT\">Desde el pasado jueves, 5 de mayo, est\u00e1 abierta la inscripci\u00f3n\u00a0en el MOOC <strong><a href=\"http:\/\/mooc.educalab.es\/courses\/INTEF\/INTEF166\/2016_ED1\/about\" target=\"_blank\" rel=\"noopener noreferrer\">Open eTwinning<\/a><\/strong>.\u00a0<\/span><span style=\"font-family: NewsGotT\">Este MOOC del INTEF, el primero que se oferta \u00edntegramente en ingl\u00e9s desde la plataforma <\/span><span style=\"font-family: NewsGotT\"><a href=\"http:\/\/mooc.educalab.es\/\"><b>Mooc EducaLAB del I<\/b><b>NTE<\/b><b>F<\/b>,<\/a> puede ser un buen punto de partida para todas aquellas personas que\u00a0quieran conocer y entender todas las posibilidades que ofrece la plataforma eTwinning con el objetivo de dise\u00f1ar un proyecto eTwinning de calidad.<br \/>\nLa duraci\u00f3n es del\u00a0<\/span><span style=\"font-family: NewsGotT\">18 de mayo al 29 de junio y se desarrolla en la plataforma <strong><a href=\"http:\/\/mooc.educalab.es\/\" target=\"_blank\" rel=\"noopener noreferrer\">INTEF MOOC<\/a><\/strong>, donde tambi\u00e9n se realiza la inscripci\u00f3n. Cuenta adem\u00e1s con diferentes espacios sociales que contribuyen a que se produzca un aprendizaje conectado antes, durante y despu\u00e9s del mismo:<\/span><\/p>\n<ul>\n<li style=\"text-align: justify\"><span style=\"font-family: NewsGotT\">el\u00a0<strong><a href=\"https:\/\/www.facebook.com\/groups\/openetwinning\/\" target=\"_blank\" rel=\"noopener noreferrer\">grupo del MOOC<\/a><\/strong>\u00a0en Facebook<\/span><\/li>\n<li style=\"text-align: justify\"><span style=\"font-family: NewsGotT\">el <em>hashtag<\/em> del MOOC en Twitter:<strong><a href=\"https:\/\/twitter.com\/hashtag\/twinmooc\" target=\"_blank\" rel=\"noopener noreferrer\"> #twinmooc<\/a><\/strong><\/span><\/li>\n<\/ul>\n","protected":false},"excerpt":{"rendered":"<p>Desde el pasado jueves, 5 de mayo, est\u00e1 abierta la inscripci\u00f3n\u00a0en el MOOC Open eTwinning.\u00a0Este MOOC del INTEF, el primero que se oferta \u00edntegramente en ingl\u00e9s desde la plataforma Mooc EducaLAB del INTEF, puede&#46;&#46;&#46;<\/p>\n","protected":false},"author":1124,"featured_media":0,"comment_status":"open","ping_status":"open","sticky":false,"template":"","format":"standard","meta":{"ngg_post_thumbnail":0,"footnotes":""},"categories":[2284639],"tags":[],"aioseo_notices":[],"_links":{"self":[{"href":"https:\/\/blogsaverroes.juntadeandalucia.es\/plurilinguismodelegacionmalaga\/wp-json\/wp\/v2\/posts\/6754"}],"collection":[{"href":"https:\/\/blogsaverroes.juntadeandalucia.es\/plurilinguismodelegacionmalaga\/wp-json\/wp\/v2\/posts"}],"about":[{"href":"https:\/\/blogsaverroes.juntadeandalucia.es\/plurilinguismodelegacionmalaga\/wp-json\/wp\/v2\/types\/post"}],"author":[{"embeddable":true,"href":"https:\/\/blogsaverroes.juntadeandalucia.es\/plurilinguismodelegacionmalaga\/wp-json\/wp\/v2\/users\/1124"}],"replies":[{"embeddable":true,"href":"https:\/\/blogsaverroes.juntadeandalucia.es\/plurilinguismodelegacionmalaga\/wp-json\/wp\/v2\/comments?post=6754"}],"version-history":[{"count":0,"href":"https:\/\/blogsaverroes.juntadeandalucia.es\/plurilinguismodelegacionmalaga\/wp-json\/wp\/v2\/posts\/6754\/revisions"}],"wp:attachment":[{"href":"https:\/\/blogsaverroes.juntadeandalucia.es\/plurilinguismodelegacionmalaga\/wp-json\/wp\/v2\/media?parent=6754"}],"wp:term":[{"taxonomy":"category","embeddable":true,"href":"https:\/\/blogsaverroes.juntadeandalucia.es\/plurilinguismodelegacionmalaga\/wp-json\/wp\/v2\/categories?post=6754"},{"taxonomy":"post_tag","embeddable":true,"href":"https:\/\/blogsaverroes.juntadeandalucia.es\/plurilinguismodelegacionmalaga\/wp-json\/wp\/v2\/tags?post=6754"}],"curies":[{"name":"wp","href":"https:\/\/api.w.org\/{rel}","templated":true}]}}