{"id":6759,"date":"2016-05-12T10:36:51","date_gmt":"2016-05-12T09:36:51","guid":{"rendered":"http:\/\/www.educacionenmalaga.es\/bilinguismo\/?p=6759"},"modified":"2016-05-12T10:36:51","modified_gmt":"2016-05-12T09:36:51","slug":"profesorado-y-alumnado-del-ies-santa-barbara-amplian-la-dimension-europea-del-centro-gracias-a-erasmus","status":"publish","type":"post","link":"https:\/\/blogsaverroes.juntadeandalucia.es\/plurilinguismodelegacionmalaga\/2016\/05\/12\/profesorado-y-alumnado-del-ies-santa-barbara-amplian-la-dimension-europea-del-centro-gracias-a-erasmus\/","title":{"rendered":"Profesorado y alumnado del IES Santa B\u00e1rbara ampl\u00edan la dimensi\u00f3n europea del centro gracias a Erasmus +"},"content":{"rendered":"<p style=\"text-align: justify\"><img loading=\"lazy\" decoding=\"async\" class=\"alignleft size-medium wp-image-6762\" src=\"http:\/\/www.educacionenmalaga.es\/bilinguismo\/files\/2016\/05\/santa-b1-300x278.jpg\" alt=\"santa b1\" width=\"300\" height=\"278\" srcset=\"https:\/\/blogsaverroes.juntadeandalucia.es\/plurilinguismodelegacionmalaga\/files\/2016\/05\/santa-b1-300x278.jpg 300w, https:\/\/blogsaverroes.juntadeandalucia.es\/plurilinguismodelegacionmalaga\/files\/2016\/05\/santa-b1-768x712.jpg 768w, https:\/\/blogsaverroes.juntadeandalucia.es\/plurilinguismodelegacionmalaga\/files\/2016\/05\/santa-b1-1024x949.jpg 1024w, https:\/\/blogsaverroes.juntadeandalucia.es\/plurilinguismodelegacionmalaga\/files\/2016\/05\/santa-b1-24x22.jpg 24w, https:\/\/blogsaverroes.juntadeandalucia.es\/plurilinguismodelegacionmalaga\/files\/2016\/05\/santa-b1-36x33.jpg 36w, https:\/\/blogsaverroes.juntadeandalucia.es\/plurilinguismodelegacionmalaga\/files\/2016\/05\/santa-b1-48x44.jpg 48w, https:\/\/blogsaverroes.juntadeandalucia.es\/plurilinguismodelegacionmalaga\/files\/2016\/05\/santa-b1.jpg 1244w\" sizes=\"(max-width: 300px) 100vw, 300px\" \/>El IES Santa B\u00e1rbara acoge a seis pa\u00edses a trav\u00e9s del formato de <em>job shadowing<\/em> de profesorado y pr\u00e1cticas de alumnado, dentro del marco Erasmus+ KA1. Asimismo, dos profesoras del centro han realizado un programa de observaci\u00f3n en el trabajo en uno de los centros socios de Finlandia.\u00a0En total,\u00a0IES Santa B\u00e1rbara ha llevado a cabo\u00a037 movilidades (alumnado + profesorado), desde octubre de 2015 hasta abril de 2016, gracias a la acci\u00f3n KA1 de Erasmus +.<br \/>\nEn la semana del 18 al 22 de abril, 2 profesoras del Departamento de Sanidad y de Orientaci\u00f3n han realizado un <em>job shadowing<\/em> (per\u00edodo de observaci\u00f3n y acompa\u00f1amiento profesional) de 5 d\u00edas de duraci\u00f3n con uno de sus socios en Finlandia el Helsingin Diakoniaopisto College. Su experiencia ha sido muy motivadora. Han conocido de cerca un entorno de trabajo parecido al que contamos en nuestro Centro. La dotaci\u00f3n de material en las aulas de Auxiliar de Enfermer\u00eda han comprobado que es muy semejante, adem\u00e1s de contar con personal que trabaja con alumnado con NEE (sordos y otras discapacidades) a\u00fan en ense\u00f1anzas no obligatorias. Tambi\u00e9n visitaron una empresa donde nuestro alumnado realizar\u00e1 sus pr\u00e1cticas en oto\u00f1o del pr\u00f3ximo curso. Todo ello amparado por su Proyecto Erasmus + de Formaci\u00f3n Profesional de Grado Medio.<br \/>\n<img loading=\"lazy\" decoding=\"async\" class=\"alignright size-medium wp-image-6763\" src=\"http:\/\/www.educacionenmalaga.es\/bilinguismo\/files\/2016\/05\/santa-b2-300x225.jpg\" alt=\"santa b2\" width=\"300\" height=\"225\" srcset=\"https:\/\/blogsaverroes.juntadeandalucia.es\/plurilinguismodelegacionmalaga\/files\/2016\/05\/santa-b2-300x225.jpg 300w, https:\/\/blogsaverroes.juntadeandalucia.es\/plurilinguismodelegacionmalaga\/files\/2016\/05\/santa-b2-768x576.jpg 768w, https:\/\/blogsaverroes.juntadeandalucia.es\/plurilinguismodelegacionmalaga\/files\/2016\/05\/santa-b2-1024x768.jpg 1024w, https:\/\/blogsaverroes.juntadeandalucia.es\/plurilinguismodelegacionmalaga\/files\/2016\/05\/santa-b2-24x18.jpg 24w, https:\/\/blogsaverroes.juntadeandalucia.es\/plurilinguismodelegacionmalaga\/files\/2016\/05\/santa-b2-36x27.jpg 36w, https:\/\/blogsaverroes.juntadeandalucia.es\/plurilinguismodelegacionmalaga\/files\/2016\/05\/santa-b2-48x36.jpg 48w, https:\/\/blogsaverroes.juntadeandalucia.es\/plurilinguismodelegacionmalaga\/files\/2016\/05\/santa-b2.jpg 1600w\" sizes=\"(max-width: 300px) 100vw, 300px\" \/>Adem\u00e1s, y bajo el marco de otro proyecto Erasmus + de Formaci\u00f3n Profesional de Grado Superior, el centro tiene, en la actualidad, a cuatro alumnos realizando su per\u00edodo de pr\u00e1cticas en empresas de Alemania y Finlandia.<br \/>\nAlgunos de sus pa\u00edses socios, como Alemania, Dinamarca, Finlandia, Francia, Pa\u00edses Bajos y Portugal, han realizado\u00a0un\u00a0 <em>job shadowing\u00a0<\/em>en el centro o enviado alumnado para realizar pr\u00e1cticas en sus empresas, laboratorios y hospitales, colaboradoras.<br \/>\nTambi\u00e9n el CEP de M\u00e1laga ha colaborado con el centro al recibir la visita de una profesora del Lyc\u00e9e Priv\u00e9 Saint Joseph (Francia), donde pudo conocer de primera mano la forma en que organiza la formaci\u00f3n del profesorado de Formaci\u00f3n Profesional.<br \/>\nPara todo ello se ha contado con la inestimable colaboraci\u00f3n de alumnado y profesorado de numerosos departamentos del instituto, que en cada una de las visitas pueden intercambiar experiencias personales y profesionales con el profesorado y alumnado\u00a0visitante.<\/p>\n","protected":false},"excerpt":{"rendered":"<p>El IES Santa B\u00e1rbara acoge a seis pa\u00edses a trav\u00e9s del formato de job shadowing de profesorado y pr\u00e1cticas de alumnado, dentro del marco Erasmus+ KA1. Asimismo, dos profesoras del centro han realizado un&#46;&#46;&#46;<\/p>\n","protected":false},"author":1124,"featured_media":0,"comment_status":"open","ping_status":"open","sticky":false,"template":"","format":"standard","meta":{"ngg_post_thumbnail":0,"footnotes":""},"categories":[2284639],"tags":[],"aioseo_notices":[],"_links":{"self":[{"href":"https:\/\/blogsaverroes.juntadeandalucia.es\/plurilinguismodelegacionmalaga\/wp-json\/wp\/v2\/posts\/6759"}],"collection":[{"href":"https:\/\/blogsaverroes.juntadeandalucia.es\/plurilinguismodelegacionmalaga\/wp-json\/wp\/v2\/posts"}],"about":[{"href":"https:\/\/blogsaverroes.juntadeandalucia.es\/plurilinguismodelegacionmalaga\/wp-json\/wp\/v2\/types\/post"}],"author":[{"embeddable":true,"href":"https:\/\/blogsaverroes.juntadeandalucia.es\/plurilinguismodelegacionmalaga\/wp-json\/wp\/v2\/users\/1124"}],"replies":[{"embeddable":true,"href":"https:\/\/blogsaverroes.juntadeandalucia.es\/plurilinguismodelegacionmalaga\/wp-json\/wp\/v2\/comments?post=6759"}],"version-history":[{"count":0,"href":"https:\/\/blogsaverroes.juntadeandalucia.es\/plurilinguismodelegacionmalaga\/wp-json\/wp\/v2\/posts\/6759\/revisions"}],"wp:attachment":[{"href":"https:\/\/blogsaverroes.juntadeandalucia.es\/plurilinguismodelegacionmalaga\/wp-json\/wp\/v2\/media?parent=6759"}],"wp:term":[{"taxonomy":"category","embeddable":true,"href":"https:\/\/blogsaverroes.juntadeandalucia.es\/plurilinguismodelegacionmalaga\/wp-json\/wp\/v2\/categories?post=6759"},{"taxonomy":"post_tag","embeddable":true,"href":"https:\/\/blogsaverroes.juntadeandalucia.es\/plurilinguismodelegacionmalaga\/wp-json\/wp\/v2\/tags?post=6759"}],"curies":[{"name":"wp","href":"https:\/\/api.w.org\/{rel}","templated":true}]}}