{"id":6943,"date":"2017-01-25T08:24:56","date_gmt":"2017-01-25T07:24:56","guid":{"rendered":"http:\/\/www.educacionenmalaga.es\/bilinguismo\/?p=6943"},"modified":"2017-01-25T08:24:56","modified_gmt":"2017-01-25T07:24:56","slug":"programa-de-inmersion-linguistica-de-primavera","status":"publish","type":"post","link":"https:\/\/blogsaverroes.juntadeandalucia.es\/plurilinguismodelegacionmalaga\/2017\/01\/25\/programa-de-inmersion-linguistica-de-primavera\/","title":{"rendered":"Programa de inmersi\u00f3n ling\u00fc\u00edstica de primavera"},"content":{"rendered":"<p style=\"text-align: justify\"><img loading=\"lazy\" decoding=\"async\" class=\"aligncenter wp-image-6945 size-full\" src=\"https:\/\/blogsaverroes.juntadeandalucia.es\/plurilinguismodelegacionmalaga\/files\/2017\/01\/inmersion.png\" width=\"639\" height=\"174\" srcset=\"https:\/\/blogsaverroes.juntadeandalucia.es\/plurilinguismodelegacionmalaga\/files\/2017\/01\/inmersion.png 639w, https:\/\/blogsaverroes.juntadeandalucia.es\/plurilinguismodelegacionmalaga\/files\/2017\/01\/inmersion-300x82.png 300w, https:\/\/blogsaverroes.juntadeandalucia.es\/plurilinguismodelegacionmalaga\/files\/2017\/01\/inmersion-24x7.png 24w, https:\/\/blogsaverroes.juntadeandalucia.es\/plurilinguismodelegacionmalaga\/files\/2017\/01\/inmersion-36x10.png 36w, https:\/\/blogsaverroes.juntadeandalucia.es\/plurilinguismodelegacionmalaga\/files\/2017\/01\/inmersion-48x13.png 48w\" sizes=\"(max-width: 639px) 100vw, 639px\" \/><\/p>\n<p style=\"text-align: justify\">El <a href=\"https:\/\/www.boe.es\/boe\/dias\/2017\/01\/21\/pdfs\/BOE-B-2017-3599.pdf\">BOE del d\u00eda 21 de enero de 2017<\/a>, publicaba el extracto de la Resoluci\u00f3n de 29 de diciembre de 2016 de la Secretar\u00eda de Estado de Educaci\u00f3n, Formaci\u00f3n Profesional y Universidades por la que se convocan ayudas destinadas a alumnos de sexto curso de Educaci\u00f3n Primaria y segundo curso de Educaci\u00f3n Secundaria Obligatoria para el desarrollo de un programa de &#8220;inmersi\u00f3n ling\u00fc\u00edstica&#8221; durante la primavera de 2017.<\/p>\n<p style=\"text-align: justify\">Destinatarios: Alumnos de 6\u00ba curso de Educaci\u00f3n Primaria o de 2\u00ba curso de E.S.O.<\/p>\n<p style=\"text-align: justify\">Requisitos: Centros sostenidos con fondos p\u00fablicos que pertenezcan a las Comunidades Aut\u00f3nomas que colaboran con este Programa (Anexo I y II).<\/p>\n<p style=\"text-align: justify\">Puede acceder a toda la informaci\u00f3n a trav\u00e9s de los siguientes enlaces:<\/p>\n<p style=\"text-align: justify\"><a href=\"http:\/\/www.mecd.gob.es\/servicios-al-ciudadano-mecd\/catalogo\/general\/educacion\/998217\/ficha\/998217-2017.html\">Programa de inmersi\u00f3n ling\u00fc\u00edstica de primavera<\/a><\/p>\n<p style=\"text-align: justify\">Plazo: Hasta el 06 de febrero de 2017<\/p>\n","protected":false},"excerpt":{"rendered":"<p>El BOE del d\u00eda 21 de enero de 2017, publicaba el extracto de la Resoluci\u00f3n de 29 de diciembre de 2016 de la Secretar\u00eda de Estado de Educaci\u00f3n, Formaci\u00f3n Profesional y Universidades por la&#46;&#46;&#46;<\/p>\n","protected":false},"author":1124,"featured_media":0,"comment_status":"open","ping_status":"open","sticky":false,"template":"","format":"standard","meta":{"ngg_post_thumbnail":0,"footnotes":""},"categories":[2284639],"tags":[],"aioseo_notices":[],"_links":{"self":[{"href":"https:\/\/blogsaverroes.juntadeandalucia.es\/plurilinguismodelegacionmalaga\/wp-json\/wp\/v2\/posts\/6943"}],"collection":[{"href":"https:\/\/blogsaverroes.juntadeandalucia.es\/plurilinguismodelegacionmalaga\/wp-json\/wp\/v2\/posts"}],"about":[{"href":"https:\/\/blogsaverroes.juntadeandalucia.es\/plurilinguismodelegacionmalaga\/wp-json\/wp\/v2\/types\/post"}],"author":[{"embeddable":true,"href":"https:\/\/blogsaverroes.juntadeandalucia.es\/plurilinguismodelegacionmalaga\/wp-json\/wp\/v2\/users\/1124"}],"replies":[{"embeddable":true,"href":"https:\/\/blogsaverroes.juntadeandalucia.es\/plurilinguismodelegacionmalaga\/wp-json\/wp\/v2\/comments?post=6943"}],"version-history":[{"count":0,"href":"https:\/\/blogsaverroes.juntadeandalucia.es\/plurilinguismodelegacionmalaga\/wp-json\/wp\/v2\/posts\/6943\/revisions"}],"wp:attachment":[{"href":"https:\/\/blogsaverroes.juntadeandalucia.es\/plurilinguismodelegacionmalaga\/wp-json\/wp\/v2\/media?parent=6943"}],"wp:term":[{"taxonomy":"category","embeddable":true,"href":"https:\/\/blogsaverroes.juntadeandalucia.es\/plurilinguismodelegacionmalaga\/wp-json\/wp\/v2\/categories?post=6943"},{"taxonomy":"post_tag","embeddable":true,"href":"https:\/\/blogsaverroes.juntadeandalucia.es\/plurilinguismodelegacionmalaga\/wp-json\/wp\/v2\/tags?post=6943"}],"curies":[{"name":"wp","href":"https:\/\/api.w.org\/{rel}","templated":true}]}}