{"id":6998,"date":"2017-03-21T08:57:41","date_gmt":"2017-03-21T07:57:41","guid":{"rendered":"http:\/\/www.educacionenmalaga.es\/bilinguismo\/?p=6998"},"modified":"2017-03-21T08:57:41","modified_gmt":"2017-03-21T07:57:41","slug":"publicados-nuevos-centros-bilingues-publicos-para-el-curso-201718","status":"publish","type":"post","link":"https:\/\/blogsaverroes.juntadeandalucia.es\/plurilinguismodelegacionmalaga\/2017\/03\/21\/publicados-nuevos-centros-bilingues-publicos-para-el-curso-201718\/","title":{"rendered":"Publicados nuevos centros biling\u00fces p\u00fablicos para el curso 2017\/18"},"content":{"rendered":"<p>Ha sido publicada en BOJA la Orden de 23 de febrero de 2017, por la que se autorizan nuevos centros biling\u00fces p\u00fablicos para el curso 2017\/18, se ampl\u00eda la ense\u00f1anza biling\u00fce a nuevas etapas educativas en centros anteriormente autorizados como biling\u00fces y se aprueban nuevos ciclos biling\u00fces de Formaci\u00f3n Profesional en la Comunidad Aut\u00f3noma de Andaluc\u00eda.<\/p>\n<p>M\u00e1s informaci\u00f3n en el siguiente <a href=\"http:\/\/www.juntadeandalucia.es\/boja\/2017\/54\/BOJA17-054-00003-4589-01_00109938.pdf\" target=\"_blank\" rel=\"noopener noreferrer\">enlace<\/a>.<\/p>\n","protected":false},"excerpt":{"rendered":"<p>Ha sido publicada en BOJA la Orden de 23 de febrero de 2017, por la que se autorizan nuevos centros biling\u00fces p\u00fablicos para el curso 2017\/18, se ampl\u00eda la ense\u00f1anza biling\u00fce a nuevas etapas&#46;&#46;&#46;<\/p>\n","protected":false},"author":1124,"featured_media":0,"comment_status":"open","ping_status":"open","sticky":false,"template":"","format":"standard","meta":{"ngg_post_thumbnail":0,"footnotes":""},"categories":[2284639],"tags":[],"aioseo_notices":[],"_links":{"self":[{"href":"https:\/\/blogsaverroes.juntadeandalucia.es\/plurilinguismodelegacionmalaga\/wp-json\/wp\/v2\/posts\/6998"}],"collection":[{"href":"https:\/\/blogsaverroes.juntadeandalucia.es\/plurilinguismodelegacionmalaga\/wp-json\/wp\/v2\/posts"}],"about":[{"href":"https:\/\/blogsaverroes.juntadeandalucia.es\/plurilinguismodelegacionmalaga\/wp-json\/wp\/v2\/types\/post"}],"author":[{"embeddable":true,"href":"https:\/\/blogsaverroes.juntadeandalucia.es\/plurilinguismodelegacionmalaga\/wp-json\/wp\/v2\/users\/1124"}],"replies":[{"embeddable":true,"href":"https:\/\/blogsaverroes.juntadeandalucia.es\/plurilinguismodelegacionmalaga\/wp-json\/wp\/v2\/comments?post=6998"}],"version-history":[{"count":0,"href":"https:\/\/blogsaverroes.juntadeandalucia.es\/plurilinguismodelegacionmalaga\/wp-json\/wp\/v2\/posts\/6998\/revisions"}],"wp:attachment":[{"href":"https:\/\/blogsaverroes.juntadeandalucia.es\/plurilinguismodelegacionmalaga\/wp-json\/wp\/v2\/media?parent=6998"}],"wp:term":[{"taxonomy":"category","embeddable":true,"href":"https:\/\/blogsaverroes.juntadeandalucia.es\/plurilinguismodelegacionmalaga\/wp-json\/wp\/v2\/categories?post=6998"},{"taxonomy":"post_tag","embeddable":true,"href":"https:\/\/blogsaverroes.juntadeandalucia.es\/plurilinguismodelegacionmalaga\/wp-json\/wp\/v2\/tags?post=6998"}],"curies":[{"name":"wp","href":"https:\/\/api.w.org\/{rel}","templated":true}]}}