{"id":7058,"date":"2017-05-02T07:41:46","date_gmt":"2017-05-02T06:41:46","guid":{"rendered":"http:\/\/www.educacionenmalaga.es\/bilinguismo\/?p=7058"},"modified":"2017-05-02T07:41:46","modified_gmt":"2017-05-02T06:41:46","slug":"sellos-de-calidad-etwinning-ies-benalmadena","status":"publish","type":"post","link":"https:\/\/blogsaverroes.juntadeandalucia.es\/plurilinguismodelegacionmalaga\/2017\/05\/02\/sellos-de-calidad-etwinning-ies-benalmadena\/","title":{"rendered":"Sellos de Calidad eTwinning IES Benalm\u00e1dena"},"content":{"rendered":"<p align=\"JUSTIFY\"><span style=\"color: #000000\"><span style=\"font-family: NewsGotT\"><span style=\"font-size: medium\">El pasado 25 de abril se celebr\u00f3 en el sal\u00f3n de actos de IES Benalm\u00e1dena, la ceremonia de entrega de los diplomas correspondientes al <b>Sello de Calidad Nacional <\/b>que ha sido otorgado al proyecto eTwinning:<b> <\/b><b>Places and their stories <\/b>por el trabajo colaborativo online desarrollado por los estudiantes durante el curso 2015\/2016.<\/span><\/span><\/span><\/p>\n<p align=\"JUSTIFY\"><!--more--> <img loading=\"lazy\" decoding=\"async\" class=\"alignright wp-image-7060\" src=\"http:\/\/www.educacionenmalaga.es\/bilinguismo\/files\/2017\/05\/ies-benalmadena_2-300x186.jpg\" alt=\"\" width=\"224\" height=\"139\" srcset=\"https:\/\/blogsaverroes.juntadeandalucia.es\/plurilinguismodelegacionmalaga\/files\/2017\/05\/ies-benalmadena_2-300x186.jpg 300w, https:\/\/blogsaverroes.juntadeandalucia.es\/plurilinguismodelegacionmalaga\/files\/2017\/05\/ies-benalmadena_2-24x15.jpg 24w, https:\/\/blogsaverroes.juntadeandalucia.es\/plurilinguismodelegacionmalaga\/files\/2017\/05\/ies-benalmadena_2-36x22.jpg 36w, https:\/\/blogsaverroes.juntadeandalucia.es\/plurilinguismodelegacionmalaga\/files\/2017\/05\/ies-benalmadena_2-48x30.jpg 48w, https:\/\/blogsaverroes.juntadeandalucia.es\/plurilinguismodelegacionmalaga\/files\/2017\/05\/ies-benalmadena_2.jpg 400w\" sizes=\"(max-width: 224px) 100vw, 224px\" \/><\/p>\n<p align=\"JUSTIFY\"><span style=\"color: #000000\"><span style=\"font-family: NewsGotT\"><span style=\"font-size: medium\">D. Israel Lupia\u00f1ez, responsable Provincial de Pluriling\u00fcismo en la Delegaci\u00f3n de Educaci\u00f3n en M\u00e1laga hizo entrega de los diplomas a todos los estudiantes participantes en el proyecto y les anim\u00f3 a seguir trabajando en programas de colaboraci\u00f3n escolar virtual eTwinning como la mejor forma de pertenecer a una comunidad escolar europea vibrante, conectada a trav\u00e9s del uso de las nuevas tecnolog\u00edas y el trabajo por proyectos.<\/span><\/span><\/span><\/p>\n<p align=\"JUSTIFY\"><span style=\"color: #000000\"><span style=\"font-family: NewsGotT\"><span style=\"font-size: medium\">En el acto se mostr\u00f3 a los asistentes el sitio colaborativo com\u00fan denominado <\/span><\/span><\/span><span style=\"color: #000000\"><span style=\"font-family: NewsGotT\"><span style=\"font-size: medium\"><b>Twinspace<\/b><\/span><\/span><\/span><span style=\"color: #000000\"><span style=\"font-family: NewsGotT\"><span style=\"font-size: medium\">, (enlace p\u00fablic<\/span><\/span><\/span><span style=\"color: #000000\"><span style=\"font-family: NewsGotT\"><span style=\"font-size: medium\">o:<\/span><\/span><\/span> <a href=\"https:\/\/twinspace.etwinning.net\/9896\/home\" target=\"_blank\" rel=\"noopener noreferrer\"><span style=\"color: #000000\"><span style=\"font-family: NewsGotT\"><span style=\"font-size: medium\"><u>https:\/\/twinspace.etwinning.net\/9896\/home<\/u><\/span><\/span><\/span><\/a><span style=\"color: #000000\"><span style=\"font-family: NewsGotT\"><span style=\"font-size: medium\">) donde est\u00e1 alojado todo el trabajo que los participantes del proyecto hicieron a lo largo del mismo.<\/span><\/span><\/span><img loading=\"lazy\" decoding=\"async\" class=\"size-medium wp-image-7061 aligncenter\" src=\"http:\/\/www.educacionenmalaga.es\/bilinguismo\/files\/2017\/05\/ies-benalmadena_3-300x167.jpg\" alt=\"\" width=\"300\" height=\"167\" srcset=\"https:\/\/blogsaverroes.juntadeandalucia.es\/plurilinguismodelegacionmalaga\/files\/2017\/05\/ies-benalmadena_3-300x167.jpg 300w, https:\/\/blogsaverroes.juntadeandalucia.es\/plurilinguismodelegacionmalaga\/files\/2017\/05\/ies-benalmadena_3-24x13.jpg 24w, https:\/\/blogsaverroes.juntadeandalucia.es\/plurilinguismodelegacionmalaga\/files\/2017\/05\/ies-benalmadena_3-36x20.jpg 36w, https:\/\/blogsaverroes.juntadeandalucia.es\/plurilinguismodelegacionmalaga\/files\/2017\/05\/ies-benalmadena_3-48x27.jpg 48w, https:\/\/blogsaverroes.juntadeandalucia.es\/plurilinguismodelegacionmalaga\/files\/2017\/05\/ies-benalmadena_3.jpg 400w\" sizes=\"(max-width: 300px) 100vw, 300px\" \/><\/p>\n<p align=\"JUSTIFY\"><span style=\"color: #000000\"><span style=\"font-family: NewsGotT\"><span style=\"font-size: medium\">Todos estos estudiantes han trabajado junto a compa\u00f1eros socios de los centros escolares <b>Recep Birsin Orzen Ortakoulu<\/b> (Adana, Turqu\u00eda), <b>Tendring Technology School<\/b> (Frinton on Sea, UK) y <b>Siegerland Grundschule<\/b> (Berl\u00edn, Alemania) en actividades integradas en el curr\u00edculum de 1\u00ba ESO a trav\u00e9s de las nuevas tecnolog\u00edas, el uso significativo de la segunda lengua, ingl\u00e9s en los dos centros, y el trabajo en equipos de nacionalidades mixtas. Descubrieron lugares de estos sitios de Europa y trabajaron desde distintas actividades colaborativas en su promoci\u00f3n en la comunidad.<\/span><\/span><\/span><img loading=\"lazy\" decoding=\"async\" class=\"size-medium wp-image-7059 alignleft\" src=\"http:\/\/www.educacionenmalaga.es\/bilinguismo\/files\/2017\/05\/ies-benalmadena_1-300x225.jpg\" alt=\"\" width=\"300\" height=\"225\" srcset=\"https:\/\/blogsaverroes.juntadeandalucia.es\/plurilinguismodelegacionmalaga\/files\/2017\/05\/ies-benalmadena_1-300x225.jpg 300w, https:\/\/blogsaverroes.juntadeandalucia.es\/plurilinguismodelegacionmalaga\/files\/2017\/05\/ies-benalmadena_1-24x18.jpg 24w, https:\/\/blogsaverroes.juntadeandalucia.es\/plurilinguismodelegacionmalaga\/files\/2017\/05\/ies-benalmadena_1-36x27.jpg 36w, https:\/\/blogsaverroes.juntadeandalucia.es\/plurilinguismodelegacionmalaga\/files\/2017\/05\/ies-benalmadena_1-48x36.jpg 48w, https:\/\/blogsaverroes.juntadeandalucia.es\/plurilinguismodelegacionmalaga\/files\/2017\/05\/ies-benalmadena_1.jpg 640w\" sizes=\"(max-width: 300px) 100vw, 300px\" \/><\/p>\n<p align=\"JUSTIFY\"><span style=\"color: #000000\"><span style=\"font-family: NewsGotT\"><span style=\"font-size: medium\">Este proyecto ha obtenido el Sello de Calidad<b> <\/b>Nacional en Inglaterra y Alemania tambi\u00e9n, con lo que obtuvo el<b> Sello de Calidad Europeo <\/b>a los pa\u00edses fundadores del proyecto.<\/span><\/span><\/span><\/p>\n<p align=\"JUSTIFY\"><span style=\"color: #000000\"><span style=\"font-family: NewsGotT\"><span style=\"font-size: medium\">El AMPA<b> <\/b>del IES colabor\u00f3 en la organizaci\u00f3n del evento, no s\u00f3lo haciendo presencia, lo que hace que toda la comunidad educativa conozca y valore las iniciativas y el trabajo que realizan los estudiantes y los profesores en el centro, sino que adem\u00e1s, obsequiaron a los presentes con un desayuno tras la ceremonia.<\/span><\/span><\/span><\/p>\n<p align=\"JUSTIFY\"><span style=\"color: #000000\"><span style=\"font-family: NewsGotT\"><span style=\"font-size: medium\">Finalmente D. Israel Lupia\u00f1ez, acompa\u00f1ado de D.\u00aa Josefina Mart\u00edn, coordinadora biling\u00fce del centro y de D. Antonio Jos\u00e9 Jim\u00e9nez, director del centro,<b> <\/b>inauguraron la placa que se ha <\/span><\/span><\/span><img loading=\"lazy\" decoding=\"async\" class=\"alignright wp-image-7062\" src=\"http:\/\/www.educacionenmalaga.es\/bilinguismo\/files\/2017\/05\/ies-benalmadena_4-300x129.jpg\" alt=\"\" width=\"281\" height=\"121\" srcset=\"https:\/\/blogsaverroes.juntadeandalucia.es\/plurilinguismodelegacionmalaga\/files\/2017\/05\/ies-benalmadena_4-300x129.jpg 300w, https:\/\/blogsaverroes.juntadeandalucia.es\/plurilinguismodelegacionmalaga\/files\/2017\/05\/ies-benalmadena_4.jpg 320w, https:\/\/blogsaverroes.juntadeandalucia.es\/plurilinguismodelegacionmalaga\/files\/2017\/05\/ies-benalmadena_4-24x10.jpg 24w, https:\/\/blogsaverroes.juntadeandalucia.es\/plurilinguismodelegacionmalaga\/files\/2017\/05\/ies-benalmadena_4-36x16.jpg 36w, https:\/\/blogsaverroes.juntadeandalucia.es\/plurilinguismodelegacionmalaga\/files\/2017\/05\/ies-benalmadena_4-48x21.jpg 48w\" sizes=\"(max-width: 281px) 100vw, 281px\" \/><span style=\"color: #000000\"><span style=\"font-family: NewsGotT\"><span style=\"font-size: medium\">concedido al centro por este galard\u00f3n a la puerta del mismo.<\/span><\/span><\/span><\/p>\n<p align=\"JUSTIFY\"><span style=\"color: #000000\"><span style=\"font-family: NewsGotT\"><span style=\"font-size: medium\">Es el segundo a\u00f1o consecutivo<b> <\/b>que se concede el Sello de Calidad Nacional a este centro<b>, <\/b>reconociendo as\u00ed,<b> <\/b>el arduo trabajo en proyectos eTwinning. En palabras de D.\u00aa Josefina Mart\u00edn: \u201cEsto nos anima a seguir trabajando en esta l\u00ednea. Este a\u00f1o tenemos en marcha tres proyectos en distintos niveles que estamos seguros de que van a alcanzar el mismo reconocimiento por la cantidad y calidad del trabajo de nuestros estudiantes en el IES Benalm\u00e1dena.\u201d<\/span><\/span><\/span><\/p>\n<p align=\"JUSTIFY\">El propio centro ha creado un v\u00eddeo con im\u00e1genes del evento:<\/p>\n<p><iframe loading=\"lazy\" src=\"https:\/\/www.youtube.com\/embed\/MtO-gWmyakY\" width=\"560\" height=\"315\" frameborder=\"0\"><\/iframe><\/p>\n<p align=\"JUSTIFY\"><span style=\"color: #000000\"><span style=\"font-family: NewsGotT\"><span style=\"font-size: medium\">Nuestra enhorabuena y reconocimiento al centro y muchos \u00e1nimos para seguir cosechando \u00e9xitos.<\/span><\/span><\/span><\/p>\n","protected":false},"excerpt":{"rendered":"<p>El pasado 25 de abril se celebr\u00f3 en el sal\u00f3n de actos de IES Benalm\u00e1dena, la ceremonia de entrega de los diplomas correspondientes al Sello de Calidad Nacional que ha sido otorgado al proyecto&#46;&#46;&#46;<\/p>\n","protected":false},"author":1124,"featured_media":0,"comment_status":"open","ping_status":"open","sticky":false,"template":"","format":"standard","meta":{"ngg_post_thumbnail":0,"footnotes":""},"categories":[946,796323,2134014],"tags":[],"aioseo_notices":[],"_links":{"self":[{"href":"https:\/\/blogsaverroes.juntadeandalucia.es\/plurilinguismodelegacionmalaga\/wp-json\/wp\/v2\/posts\/7058"}],"collection":[{"href":"https:\/\/blogsaverroes.juntadeandalucia.es\/plurilinguismodelegacionmalaga\/wp-json\/wp\/v2\/posts"}],"about":[{"href":"https:\/\/blogsaverroes.juntadeandalucia.es\/plurilinguismodelegacionmalaga\/wp-json\/wp\/v2\/types\/post"}],"author":[{"embeddable":true,"href":"https:\/\/blogsaverroes.juntadeandalucia.es\/plurilinguismodelegacionmalaga\/wp-json\/wp\/v2\/users\/1124"}],"replies":[{"embeddable":true,"href":"https:\/\/blogsaverroes.juntadeandalucia.es\/plurilinguismodelegacionmalaga\/wp-json\/wp\/v2\/comments?post=7058"}],"version-history":[{"count":0,"href":"https:\/\/blogsaverroes.juntadeandalucia.es\/plurilinguismodelegacionmalaga\/wp-json\/wp\/v2\/posts\/7058\/revisions"}],"wp:attachment":[{"href":"https:\/\/blogsaverroes.juntadeandalucia.es\/plurilinguismodelegacionmalaga\/wp-json\/wp\/v2\/media?parent=7058"}],"wp:term":[{"taxonomy":"category","embeddable":true,"href":"https:\/\/blogsaverroes.juntadeandalucia.es\/plurilinguismodelegacionmalaga\/wp-json\/wp\/v2\/categories?post=7058"},{"taxonomy":"post_tag","embeddable":true,"href":"https:\/\/blogsaverroes.juntadeandalucia.es\/plurilinguismodelegacionmalaga\/wp-json\/wp\/v2\/tags?post=7058"}],"curies":[{"name":"wp","href":"https:\/\/api.w.org\/{rel}","templated":true}]}}