{"id":7077,"date":"2017-05-26T11:31:47","date_gmt":"2017-05-26T10:31:47","guid":{"rendered":"http:\/\/www.educacionenmalaga.es\/bilinguismo\/?p=7077"},"modified":"2017-05-26T11:31:47","modified_gmt":"2017-05-26T10:31:47","slug":"convocatoria-inmersion-linguistica-para-profesorado-de-centros-bilingues","status":"publish","type":"post","link":"https:\/\/blogsaverroes.juntadeandalucia.es\/plurilinguismodelegacionmalaga\/2017\/05\/26\/convocatoria-inmersion-linguistica-para-profesorado-de-centros-bilingues\/","title":{"rendered":"Convocatoria inmersi\u00f3n ling\u00fc\u00edstica para profesorado de centros biling\u00fces"},"content":{"rendered":"<p style=\"text-align: justify\">La Direcci\u00f3n General de Innovaci\u00f3n Educativa ha publicado la Resoluci\u00f3n de 10 de mayo de 2017, de la Direcci\u00f3n General de Innovaci\u00f3n, por la que se convocan plazas para realizar estancias de inmersi\u00f3n ling\u00fc\u00edstica para el profesorado con destino en los Centros P\u00fablicos Biling\u00fces.<\/p>\n<p style=\"text-align: justify\"><strong>Plazo: 5 d\u00edas h\u00e1biles.<\/strong><\/p>\n<p style=\"text-align: justify\">Los aspectos m\u00e1s importantes de la convocatoria son:<\/p>\n<p style=\"text-align: justify\">A. Personas destinatarias y requisitos:<br \/>\n1. Podr\u00e1n solicitar estas plazas las funcionarias y los funcionarios de carrera en activo en centros p\u00fablicos biling\u00fces que re\u00fanan todos y cada uno de los siguientes requisitos:<\/p>\n<p style=\"text-align: justify\">a) Pertenecer al cuerpo docente de Maestros, Catedr\u00e1ticos de Ense\u00f1anza Secundaria, Profesores de Ense\u00f1anza Secundaria y Profesores T\u00e9cnicos de Formaci\u00f3n Profesional.<\/p>\n<p style=\"text-align: justify\">b) Estar impartiendo docencia directa en el aula, en un \u00e1rea, \u00e1mbito, materia, o m\u00f3dulo profesional no ling\u00fc\u00edsticos en los idiomas extranjeros objeto de esta convocatoria, al alumnado de Educaci\u00f3n Infantil, Primaria, ESO, Bachillerato o Formaci\u00f3n Profesional (ciclos formativos de grado medio o superior), en un centro docente p\u00fablico biling\u00fce dependiente de la Consejer\u00eda de Educaci\u00f3n de la Comunidad Aut\u00f3noma de Andaluc\u00eda.<\/p>\n<p style=\"text-align: justify\">2. Todos los requisitos se\u00f1alados en el apartado anterior deber\u00e1n poseerse en el momento de presentaci\u00f3n de las solicitudes y mantenerse hasta la finalizaci\u00f3n de las estancias de inmersi\u00f3n ling\u00fc\u00edstica.<\/p>\n<p style=\"text-align: justify\">B. N\u00ba de plazas, modalidades, caracter\u00edsticas y fechas:<\/p>\n<p style=\"text-align: justify\">Se ofertan 221 plazas, que se distribuyen en dos modalidades:<\/p>\n<p style=\"text-align: justify\">a) Modalidad A:\u00a0 150 plazas para estancias de inmersi\u00f3n ling\u00fc\u00edstica de dos semanas de duraci\u00f3n a desarrollar en Andaluc\u00eda y a celebrar del 17 al 28 de julio de 2017 en r\u00e9gimen de internado, en grupos de un m\u00e1ximo de 15 alumnos y alumnas, en cuatro sedes, con la siguiente distribuci\u00f3n: 110 plazas para ingl\u00e9s, a celebrar en las cuatro sedes, 30 plazas para franc\u00e9s a celebrar en una sola sede y 10 plazas para alem\u00e1n a celebrar en una sola sede. Se trata de cursos de inmersi\u00f3n ling\u00fc\u00edstica en lengua inglesa, francesa o alemana.<\/p>\n<p style=\"text-align: justify\">b) Modalidad B:\u00a0 71 plazas para estancias formativas en el extranjero para la realizaci\u00f3n de cursos de actualizaci\u00f3n metodol\u00f3gica para la impartici\u00f3n de \u00e1reas no ling\u00fc\u00edsticas impartidas en lengua inglesa, francesa o alemana, de tres semanas de duraci\u00f3n a celebrar del 6 al 26 de agosto de 2017 que se distribuyen de la siguiente forma: 53 plazas para el curso de ingl\u00e9s, a celebrar en Reino Unido e Irlanda, 13 plazas para el curso de franc\u00e9s a celebrar en Francia y 5 plazas para el curso de alem\u00e1n a celebrar en Alemania.<\/p>\n","protected":false},"excerpt":{"rendered":"<p>La Direcci\u00f3n General de Innovaci\u00f3n Educativa ha publicado la Resoluci\u00f3n de 10 de mayo de 2017, de la Direcci\u00f3n General de Innovaci\u00f3n, por la que se convocan plazas para realizar estancias de inmersi\u00f3n ling\u00fc\u00edstica&#46;&#46;&#46;<\/p>\n","protected":false},"author":1124,"featured_media":0,"comment_status":"open","ping_status":"open","sticky":false,"template":"","format":"standard","meta":{"ngg_post_thumbnail":0,"footnotes":""},"categories":[2284639],"tags":[],"aioseo_notices":[],"_links":{"self":[{"href":"https:\/\/blogsaverroes.juntadeandalucia.es\/plurilinguismodelegacionmalaga\/wp-json\/wp\/v2\/posts\/7077"}],"collection":[{"href":"https:\/\/blogsaverroes.juntadeandalucia.es\/plurilinguismodelegacionmalaga\/wp-json\/wp\/v2\/posts"}],"about":[{"href":"https:\/\/blogsaverroes.juntadeandalucia.es\/plurilinguismodelegacionmalaga\/wp-json\/wp\/v2\/types\/post"}],"author":[{"embeddable":true,"href":"https:\/\/blogsaverroes.juntadeandalucia.es\/plurilinguismodelegacionmalaga\/wp-json\/wp\/v2\/users\/1124"}],"replies":[{"embeddable":true,"href":"https:\/\/blogsaverroes.juntadeandalucia.es\/plurilinguismodelegacionmalaga\/wp-json\/wp\/v2\/comments?post=7077"}],"version-history":[{"count":0,"href":"https:\/\/blogsaverroes.juntadeandalucia.es\/plurilinguismodelegacionmalaga\/wp-json\/wp\/v2\/posts\/7077\/revisions"}],"wp:attachment":[{"href":"https:\/\/blogsaverroes.juntadeandalucia.es\/plurilinguismodelegacionmalaga\/wp-json\/wp\/v2\/media?parent=7077"}],"wp:term":[{"taxonomy":"category","embeddable":true,"href":"https:\/\/blogsaverroes.juntadeandalucia.es\/plurilinguismodelegacionmalaga\/wp-json\/wp\/v2\/categories?post=7077"},{"taxonomy":"post_tag","embeddable":true,"href":"https:\/\/blogsaverroes.juntadeandalucia.es\/plurilinguismodelegacionmalaga\/wp-json\/wp\/v2\/tags?post=7077"}],"curies":[{"name":"wp","href":"https:\/\/api.w.org\/{rel}","templated":true}]}}