{"id":7258,"date":"2017-10-24T11:02:50","date_gmt":"2017-10-24T10:02:50","guid":{"rendered":"https:\/\/www.educacionenmalaga.es\/bilinguismo\/?p=7258"},"modified":"2017-10-24T11:02:50","modified_gmt":"2017-10-24T10:02:50","slug":"7258","status":"publish","type":"post","link":"https:\/\/blogsaverroes.juntadeandalucia.es\/plurilinguismodelegacionmalaga\/2017\/10\/24\/7258\/","title":{"rendered":""},"content":{"rendered":"<p><img loading=\"lazy\" decoding=\"async\" class=\"alignnone size-medium wp-image-7259\" src=\"https:\/\/blogsaverroes.juntadeandalucia.es\/plurilinguismodelegacionmalaga\/files\/2017\/10\/collage_eber_and_de_geer_17_18-1-300x300.jpg\" alt=\"\" width=\"300\" height=\"300\" srcset=\"https:\/\/blogsaverroes.juntadeandalucia.es\/plurilinguismodelegacionmalaga\/files\/2017\/10\/collage_eber_and_de_geer_17_18-1-300x300.jpg 300w, https:\/\/blogsaverroes.juntadeandalucia.es\/plurilinguismodelegacionmalaga\/files\/2017\/10\/collage_eber_and_de_geer_17_18-1-150x150.jpg 150w, https:\/\/blogsaverroes.juntadeandalucia.es\/plurilinguismodelegacionmalaga\/files\/2017\/10\/collage_eber_and_de_geer_17_18-1-768x768.jpg 768w, https:\/\/blogsaverroes.juntadeandalucia.es\/plurilinguismodelegacionmalaga\/files\/2017\/10\/collage_eber_and_de_geer_17_18-1-1024x1024.jpg 1024w, https:\/\/blogsaverroes.juntadeandalucia.es\/plurilinguismodelegacionmalaga\/files\/2017\/10\/collage_eber_and_de_geer_17_18-1-100x100.jpg 100w, https:\/\/blogsaverroes.juntadeandalucia.es\/plurilinguismodelegacionmalaga\/files\/2017\/10\/collage_eber_and_de_geer_17_18-1-160x160.jpg 160w, https:\/\/blogsaverroes.juntadeandalucia.es\/plurilinguismodelegacionmalaga\/files\/2017\/10\/collage_eber_and_de_geer_17_18-1-320x320.jpg 320w, https:\/\/blogsaverroes.juntadeandalucia.es\/plurilinguismodelegacionmalaga\/files\/2017\/10\/collage_eber_and_de_geer_17_18-1-24x24.jpg 24w, https:\/\/blogsaverroes.juntadeandalucia.es\/plurilinguismodelegacionmalaga\/files\/2017\/10\/collage_eber_and_de_geer_17_18-1-36x36.jpg 36w, https:\/\/blogsaverroes.juntadeandalucia.es\/plurilinguismodelegacionmalaga\/files\/2017\/10\/collage_eber_and_de_geer_17_18-1-48x48.jpg 48w, https:\/\/blogsaverroes.juntadeandalucia.es\/plurilinguismodelegacionmalaga\/files\/2017\/10\/collage_eber_and_de_geer_17_18-1.jpg 1600w\" sizes=\"(max-width: 300px) 100vw, 300px\" \/><\/p>\n<p>Durante los d\u00edas 18 al 22 de septiembre del 2017, dos profesoras de Secundaria del <strong>IES LA ROSALEDA<\/strong>, han viajado a Nork\u00f6ping, Suecia, para visitar dos centros p\u00fablicos de ense\u00f1anza a trav\u00e9s de los programas educativos europeos \u201cErasmus +\u201d. Los centros visitados has sido: Ebersteinska (F.P.) \u00a0y De Geer (BACHILLERATO Y CC FF AGENCIAS DE VIAJE).<\/p>\n<p>Se present\u00f3 un proyecto para conocer las actuaciones de dichos centros en materia de Prevenci\u00f3n y Salud Laboral en los talleres y en las Aulas.<\/p>\n<p>Se ha elaborado una memoria resumen de su experiencia con un breve \u201cEnglish Summary of our visit\u201d. Si est\u00e1is interesados en conocer m\u00e1s:<\/p>\n<p><a href=\"http:\/\/folbilingue.blogspot.com.es\/2017\/10\/ies-la-rosaleda-and-norrkoping-2017.html\">http:\/\/folbilingue.blogspot.com.es\/2017\/10\/ies-la-rosaleda-and-norrkoping-2017.html<\/a><\/p>\n","protected":false},"excerpt":{"rendered":"<p>Durante los d\u00edas 18 al 22 de septiembre del 2017, dos profesoras de Secundaria del IES LA ROSALEDA, han viajado a Nork\u00f6ping, Suecia, para visitar dos centros p\u00fablicos de ense\u00f1anza a trav\u00e9s de los&#46;&#46;&#46;<\/p>\n","protected":false},"author":1124,"featured_media":0,"comment_status":"open","ping_status":"open","sticky":false,"template":"","format":"standard","meta":{"ngg_post_thumbnail":0,"footnotes":""},"categories":[2284639],"tags":[],"aioseo_notices":[],"_links":{"self":[{"href":"https:\/\/blogsaverroes.juntadeandalucia.es\/plurilinguismodelegacionmalaga\/wp-json\/wp\/v2\/posts\/7258"}],"collection":[{"href":"https:\/\/blogsaverroes.juntadeandalucia.es\/plurilinguismodelegacionmalaga\/wp-json\/wp\/v2\/posts"}],"about":[{"href":"https:\/\/blogsaverroes.juntadeandalucia.es\/plurilinguismodelegacionmalaga\/wp-json\/wp\/v2\/types\/post"}],"author":[{"embeddable":true,"href":"https:\/\/blogsaverroes.juntadeandalucia.es\/plurilinguismodelegacionmalaga\/wp-json\/wp\/v2\/users\/1124"}],"replies":[{"embeddable":true,"href":"https:\/\/blogsaverroes.juntadeandalucia.es\/plurilinguismodelegacionmalaga\/wp-json\/wp\/v2\/comments?post=7258"}],"version-history":[{"count":0,"href":"https:\/\/blogsaverroes.juntadeandalucia.es\/plurilinguismodelegacionmalaga\/wp-json\/wp\/v2\/posts\/7258\/revisions"}],"wp:attachment":[{"href":"https:\/\/blogsaverroes.juntadeandalucia.es\/plurilinguismodelegacionmalaga\/wp-json\/wp\/v2\/media?parent=7258"}],"wp:term":[{"taxonomy":"category","embeddable":true,"href":"https:\/\/blogsaverroes.juntadeandalucia.es\/plurilinguismodelegacionmalaga\/wp-json\/wp\/v2\/categories?post=7258"},{"taxonomy":"post_tag","embeddable":true,"href":"https:\/\/blogsaverroes.juntadeandalucia.es\/plurilinguismodelegacionmalaga\/wp-json\/wp\/v2\/tags?post=7258"}],"curies":[{"name":"wp","href":"https:\/\/api.w.org\/{rel}","templated":true}]}}