{"id":7279,"date":"2017-11-14T18:33:35","date_gmt":"2017-11-14T17:33:35","guid":{"rendered":"https:\/\/www.educacionenmalaga.es\/bilinguismo\/?p=7279"},"modified":"2017-11-14T18:33:35","modified_gmt":"2017-11-14T17:33:35","slug":"7279","status":"publish","type":"post","link":"https:\/\/blogsaverroes.juntadeandalucia.es\/plurilinguismodelegacionmalaga\/2017\/11\/14\/7279\/","title":{"rendered":"I Jornada Etwinning"},"content":{"rendered":"<p><img loading=\"lazy\" decoding=\"async\" class=\"wp-image-7287 alignleft\" src=\"https:\/\/blogsaverroes.juntadeandalucia.es\/plurilinguismodelegacionmalaga\/files\/2017\/11\/jornadas-erasmus-212x300.jpg\" alt=\"\" width=\"183\" height=\"259\" srcset=\"https:\/\/blogsaverroes.juntadeandalucia.es\/plurilinguismodelegacionmalaga\/files\/2017\/11\/jornadas-erasmus-212x300.jpg 212w, https:\/\/blogsaverroes.juntadeandalucia.es\/plurilinguismodelegacionmalaga\/files\/2017\/11\/jornadas-erasmus-768x1086.jpg 768w, https:\/\/blogsaverroes.juntadeandalucia.es\/plurilinguismodelegacionmalaga\/files\/2017\/11\/jornadas-erasmus-724x1024.jpg 724w, https:\/\/blogsaverroes.juntadeandalucia.es\/plurilinguismodelegacionmalaga\/files\/2017\/11\/jornadas-erasmus-17x24.jpg 17w, https:\/\/blogsaverroes.juntadeandalucia.es\/plurilinguismodelegacionmalaga\/files\/2017\/11\/jornadas-erasmus-25x36.jpg 25w, https:\/\/blogsaverroes.juntadeandalucia.es\/plurilinguismodelegacionmalaga\/files\/2017\/11\/jornadas-erasmus-34x48.jpg 34w, https:\/\/blogsaverroes.juntadeandalucia.es\/plurilinguismodelegacionmalaga\/files\/2017\/11\/jornadas-erasmus.jpg 1131w\" sizes=\"(max-width: 183px) 100vw, 183px\" \/>El pr\u00f3ximo d\u00eda 5 de diciembre se celebrar\u00e1 en el CEP Marbella-Co\u00edn la I Jornada Provincial Etwinning, en horario de 9:30 a 14:30. El plazo de inscripci\u00f3n estar\u00e1 abierto hasta el pr\u00f3ximo d\u00eda 28 de noviembre. En el documento adjunto\u00a0 est\u00e1 el programa de la Jornada.\u00a0 \u00a0 \u00a0<a href=\"https:\/\/blogsaverroes.juntadeandalucia.es\/plurilinguismodelegacionmalaga\/files\/2017\/11\/etwinning-1.pdf\">ETWINNING<\/a><\/p>\n<p>\u00a1Inscr\u00edbete!\u00a0<a href=\"https:\/\/www.juntadeandalucia.es\/educacion\/secretariavirtual\/consultaCEP\/actividad\/182923GE605\/\" target=\"_blank\" rel=\"noopener noreferrer\">https:\/\/www.juntadeandalucia.es\/educacion\/secretariavirtual\/consultaCEP\/actividad\/182923GE605\/<\/a><\/p>\n<p>&nbsp;<\/p>\n<p>&nbsp;<\/p>\n","protected":false},"excerpt":{"rendered":"<p>El pr\u00f3ximo d\u00eda 5 de diciembre se celebrar\u00e1 en el CEP Marbella-Co\u00edn la I Jornada Provincial Etwinning, en horario de 9:30 a 14:30. El plazo de inscripci\u00f3n estar\u00e1 abierto hasta el pr\u00f3ximo d\u00eda 28&#46;&#46;&#46;<\/p>\n","protected":false},"author":1124,"featured_media":0,"comment_status":"open","ping_status":"open","sticky":false,"template":"","format":"standard","meta":{"ngg_post_thumbnail":0,"footnotes":""},"categories":[2284639],"tags":[],"aioseo_notices":[],"_links":{"self":[{"href":"https:\/\/blogsaverroes.juntadeandalucia.es\/plurilinguismodelegacionmalaga\/wp-json\/wp\/v2\/posts\/7279"}],"collection":[{"href":"https:\/\/blogsaverroes.juntadeandalucia.es\/plurilinguismodelegacionmalaga\/wp-json\/wp\/v2\/posts"}],"about":[{"href":"https:\/\/blogsaverroes.juntadeandalucia.es\/plurilinguismodelegacionmalaga\/wp-json\/wp\/v2\/types\/post"}],"author":[{"embeddable":true,"href":"https:\/\/blogsaverroes.juntadeandalucia.es\/plurilinguismodelegacionmalaga\/wp-json\/wp\/v2\/users\/1124"}],"replies":[{"embeddable":true,"href":"https:\/\/blogsaverroes.juntadeandalucia.es\/plurilinguismodelegacionmalaga\/wp-json\/wp\/v2\/comments?post=7279"}],"version-history":[{"count":0,"href":"https:\/\/blogsaverroes.juntadeandalucia.es\/plurilinguismodelegacionmalaga\/wp-json\/wp\/v2\/posts\/7279\/revisions"}],"wp:attachment":[{"href":"https:\/\/blogsaverroes.juntadeandalucia.es\/plurilinguismodelegacionmalaga\/wp-json\/wp\/v2\/media?parent=7279"}],"wp:term":[{"taxonomy":"category","embeddable":true,"href":"https:\/\/blogsaverroes.juntadeandalucia.es\/plurilinguismodelegacionmalaga\/wp-json\/wp\/v2\/categories?post=7279"},{"taxonomy":"post_tag","embeddable":true,"href":"https:\/\/blogsaverroes.juntadeandalucia.es\/plurilinguismodelegacionmalaga\/wp-json\/wp\/v2\/tags?post=7279"}],"curies":[{"name":"wp","href":"https:\/\/api.w.org\/{rel}","templated":true}]}}