{"id":7394,"date":"2018-03-08T10:44:34","date_gmt":"2018-03-08T09:44:34","guid":{"rendered":"https:\/\/www.educacionenmalaga.es\/bilinguismo\/?p=7394"},"modified":"2018-03-08T10:44:34","modified_gmt":"2018-03-08T09:44:34","slug":"estancias-profesionales-para-docentes","status":"publish","type":"post","link":"https:\/\/blogsaverroes.juntadeandalucia.es\/plurilinguismodelegacionmalaga\/2018\/03\/08\/estancias-profesionales-para-docentes\/","title":{"rendered":"Estancias Profesionales para Docentes"},"content":{"rendered":"<p><a href=\"https:\/\/www.mecd.gob.es\/mecd\/servicios-al-ciudadano-mecd\/catalogo\/general\/educacion\/201452\/ficha.html\">Ayudas para la realizaci\u00f3n de estancias profesionales en centros educativos de Alemania, Austria, B\u00e9lgica, Francia, Italia, Pa\u00edses Bajos, Portugal, Reino Unido, Rep\u00fablica de Irlanda y Suiza durante un pe<\/a><a href=\"https:\/\/www.mecd.gob.es\/mecd\/servicios-al-ciudadano-mecd\/catalogo\/general\/educacion\/201452\/ficha.html\">riodo de dos semanas.<\/a><\/p>\n<p>&nbsp;<\/p>\n<p><img loading=\"lazy\" decoding=\"async\" class=\"alignright\" style=\"font-size: 16px\" src=\"http:\/\/educalab.es\/documents\/10180\/332086\/EstanciasProfesionales2\/c7ee17eb-f372-416d-8a27-c4a4b2f6b96c?t=1430205032796\" alt=\"Logo de Estancias profesionales\" width=\"181\" height=\"99\" \/><strong>Destinado a<\/strong> funcionarios de carrera de los cuerpos de Maestros de Educaci\u00f3n Infantil y Primaria, Profesores y Catedr\u00e1ticos de ense\u00f1anza Secundaria,\u00a0 Profesores y Catedr\u00e1ticos de Escuelas Oficiales de<\/p>\n<p>Idiomas, Profesores T\u00e9cnicos de formaci\u00f3n Profesional, Profesores de M\u00fasica y Artes Esc\u00e9nicas y Profesores de Artes Pl\u00e1sticas y Dise\u00f1o que acrediten un nivel de competencia ling\u00fc\u00edstica del idioma de los pa\u00edses elegidos equivalente al nivel B1 para Austria y Alemania y un nivel B2 para el resto de los pa\u00edses<\/p>\n<p>Desde el 03 de marzo de 2018 hasta el 22 de marzo de 2018<\/p>\n","protected":false},"excerpt":{"rendered":"<p>Ayudas para la realizaci\u00f3n de estancias profesionales en centros educativos de Alemania, Austria, B\u00e9lgica, Francia, Italia, Pa\u00edses Bajos, Portugal, Reino Unido, Rep\u00fablica de Irlanda y Suiza durante un periodo de dos semanas. &nbsp; Destinado&#46;&#46;&#46;<\/p>\n","protected":false},"author":1124,"featured_media":0,"comment_status":"open","ping_status":"open","sticky":false,"template":"","format":"standard","meta":{"ngg_post_thumbnail":0,"footnotes":""},"categories":[2284639],"tags":[],"aioseo_notices":[],"_links":{"self":[{"href":"https:\/\/blogsaverroes.juntadeandalucia.es\/plurilinguismodelegacionmalaga\/wp-json\/wp\/v2\/posts\/7394"}],"collection":[{"href":"https:\/\/blogsaverroes.juntadeandalucia.es\/plurilinguismodelegacionmalaga\/wp-json\/wp\/v2\/posts"}],"about":[{"href":"https:\/\/blogsaverroes.juntadeandalucia.es\/plurilinguismodelegacionmalaga\/wp-json\/wp\/v2\/types\/post"}],"author":[{"embeddable":true,"href":"https:\/\/blogsaverroes.juntadeandalucia.es\/plurilinguismodelegacionmalaga\/wp-json\/wp\/v2\/users\/1124"}],"replies":[{"embeddable":true,"href":"https:\/\/blogsaverroes.juntadeandalucia.es\/plurilinguismodelegacionmalaga\/wp-json\/wp\/v2\/comments?post=7394"}],"version-history":[{"count":0,"href":"https:\/\/blogsaverroes.juntadeandalucia.es\/plurilinguismodelegacionmalaga\/wp-json\/wp\/v2\/posts\/7394\/revisions"}],"wp:attachment":[{"href":"https:\/\/blogsaverroes.juntadeandalucia.es\/plurilinguismodelegacionmalaga\/wp-json\/wp\/v2\/media?parent=7394"}],"wp:term":[{"taxonomy":"category","embeddable":true,"href":"https:\/\/blogsaverroes.juntadeandalucia.es\/plurilinguismodelegacionmalaga\/wp-json\/wp\/v2\/categories?post=7394"},{"taxonomy":"post_tag","embeddable":true,"href":"https:\/\/blogsaverroes.juntadeandalucia.es\/plurilinguismodelegacionmalaga\/wp-json\/wp\/v2\/tags?post=7394"}],"curies":[{"name":"wp","href":"https:\/\/api.w.org\/{rel}","templated":true}]}}