{"id":7402,"date":"2018-03-12T17:18:26","date_gmt":"2018-03-12T16:18:26","guid":{"rendered":"https:\/\/www.educacionenmalaga.es\/bilinguismo\/?p=7402"},"modified":"2018-03-12T17:18:26","modified_gmt":"2018-03-12T16:18:26","slug":"ayudas-para-participar-en-cursos-de-inmersion-en-lengua-inglesa","status":"publish","type":"post","link":"https:\/\/blogsaverroes.juntadeandalucia.es\/plurilinguismodelegacionmalaga\/2018\/03\/12\/ayudas-para-participar-en-cursos-de-inmersion-en-lengua-inglesa\/","title":{"rendered":"Ayudas para participar en cursos de inmersi\u00f3n en lengua inglesa"},"content":{"rendered":"<p>Destinadas a maestros y titulados en el m\u00e1ster de profesorado que re\u00fana los siguientes requisitos:<\/p>\n<ul>\n<li>Para los solicitantes con Diplomatura o Grado de Maestro en cualquiera de las especialidades, haber finalizado estos estudios en alguno de los siguientes cursos acad\u00e9micos: 2014\/15, 2015\/16 o 2016\/17.<\/li>\n<li>Para los solicitantes con titulaci\u00f3n de M\u00e1ster en Profesorado de Ense\u00f1anza Secundaria Obligatoria y Bachillerato, Formaci\u00f3n Profesional y Ense\u00f1anzas de Idiomas, haber finalizado estos estudios en alguno de los siguientes cursos acad\u00e9micos: 2014\/15, 2015\/16 o 2016\/17.<\/li>\n<li>Tener una nota media en el expediente acad\u00e9mico de al menos 8,00, y superior a la que se establezca como nota de corte en funci\u00f3n del total de ayudas a conceder.<\/li>\n<\/ul>\n<p>Plazo desde el 11 de marzo de 2018 hasta el 02 de abril de 2018<\/p>\n<p><a href=\"https:\/\/www.mecd.gob.es\/mecd\/servicios-al-ciudadano-mecd\/catalogo\/general\/educacion\/200495\/ficha.html\">Para m\u00e1s informaci\u00f3n visita la p\u00e1gina del MECD<\/a><\/p>\n","protected":false},"excerpt":{"rendered":"<p>Destinadas a maestros y titulados en el m\u00e1ster de profesorado que re\u00fana los siguientes requisitos: Para los solicitantes con Diplomatura o Grado de Maestro en cualquiera de las especialidades, haber finalizado estos estudios en&#46;&#46;&#46;<\/p>\n","protected":false},"author":1124,"featured_media":0,"comment_status":"open","ping_status":"open","sticky":false,"template":"","format":"standard","meta":{"ngg_post_thumbnail":0,"footnotes":""},"categories":[2284639],"tags":[],"aioseo_notices":[],"_links":{"self":[{"href":"https:\/\/blogsaverroes.juntadeandalucia.es\/plurilinguismodelegacionmalaga\/wp-json\/wp\/v2\/posts\/7402"}],"collection":[{"href":"https:\/\/blogsaverroes.juntadeandalucia.es\/plurilinguismodelegacionmalaga\/wp-json\/wp\/v2\/posts"}],"about":[{"href":"https:\/\/blogsaverroes.juntadeandalucia.es\/plurilinguismodelegacionmalaga\/wp-json\/wp\/v2\/types\/post"}],"author":[{"embeddable":true,"href":"https:\/\/blogsaverroes.juntadeandalucia.es\/plurilinguismodelegacionmalaga\/wp-json\/wp\/v2\/users\/1124"}],"replies":[{"embeddable":true,"href":"https:\/\/blogsaverroes.juntadeandalucia.es\/plurilinguismodelegacionmalaga\/wp-json\/wp\/v2\/comments?post=7402"}],"version-history":[{"count":0,"href":"https:\/\/blogsaverroes.juntadeandalucia.es\/plurilinguismodelegacionmalaga\/wp-json\/wp\/v2\/posts\/7402\/revisions"}],"wp:attachment":[{"href":"https:\/\/blogsaverroes.juntadeandalucia.es\/plurilinguismodelegacionmalaga\/wp-json\/wp\/v2\/media?parent=7402"}],"wp:term":[{"taxonomy":"category","embeddable":true,"href":"https:\/\/blogsaverroes.juntadeandalucia.es\/plurilinguismodelegacionmalaga\/wp-json\/wp\/v2\/categories?post=7402"},{"taxonomy":"post_tag","embeddable":true,"href":"https:\/\/blogsaverroes.juntadeandalucia.es\/plurilinguismodelegacionmalaga\/wp-json\/wp\/v2\/tags?post=7402"}],"curies":[{"name":"wp","href":"https:\/\/api.w.org\/{rel}","templated":true}]}}