{"id":7409,"date":"2018-03-21T08:11:39","date_gmt":"2018-03-21T07:11:39","guid":{"rendered":"https:\/\/www.educacionenmalaga.es\/bilinguismo\/?p=7409"},"modified":"2018-03-21T08:11:39","modified_gmt":"2018-03-21T07:11:39","slug":"intercambio-escolar-del-ies-nuestra-senora-de-la-victoria","status":"publish","type":"post","link":"https:\/\/blogsaverroes.juntadeandalucia.es\/plurilinguismodelegacionmalaga\/2018\/03\/21\/intercambio-escolar-del-ies-nuestra-senora-de-la-victoria\/","title":{"rendered":"Intercambio Escolar del IES Nuestra Se\u00f1ora de la Victoria"},"content":{"rendered":"<p style=\"text-align: left\">El pasado lunes 19 de marzo partieron para Culemborg, Pa\u00edses Bajos, un grupo de estudiantes\u00a0de M\u00e1laga. Se trata del primer programa de intercambio ling\u00fc\u00edstico organizado por este instituto. Durante cinco d\u00edas, el alumnado convivir\u00e1n en casa y en clase con alumnos y alumnas del <a href=\"https:\/\/www.kwc-culemborg.nl\/\">Koningin Wilhelmina College<\/a>, as\u00ed como realizar\u00e1n excursiones a Utrecht y Amsterdam. Durante el mes de abril recibiremos a los estudiantes\u00a0 holandeses en Martiricos en uno de los institutos hist\u00f3ricos de Andaluc\u00eda.<\/p>\n<p><img loading=\"lazy\" decoding=\"async\" class=\"size-medium wp-image-7410 aligncenter\" style=\"font-size: 16px\" src=\"https:\/\/blogsaverroes.juntadeandalucia.es\/plurilinguismodelegacionmalaga\/files\/2018\/03\/intercambio-300x225.jpg\" alt=\"\" width=\"300\" height=\"225\" srcset=\"https:\/\/blogsaverroes.juntadeandalucia.es\/plurilinguismodelegacionmalaga\/files\/2018\/03\/intercambio-300x225.jpg 300w, https:\/\/blogsaverroes.juntadeandalucia.es\/plurilinguismodelegacionmalaga\/files\/2018\/03\/intercambio-768x576.jpg 768w, https:\/\/blogsaverroes.juntadeandalucia.es\/plurilinguismodelegacionmalaga\/files\/2018\/03\/intercambio-1024x768.jpg 1024w, https:\/\/blogsaverroes.juntadeandalucia.es\/plurilinguismodelegacionmalaga\/files\/2018\/03\/intercambio-24x18.jpg 24w, https:\/\/blogsaverroes.juntadeandalucia.es\/plurilinguismodelegacionmalaga\/files\/2018\/03\/intercambio-36x27.jpg 36w, https:\/\/blogsaverroes.juntadeandalucia.es\/plurilinguismodelegacionmalaga\/files\/2018\/03\/intercambio-48x36.jpg 48w, https:\/\/blogsaverroes.juntadeandalucia.es\/plurilinguismodelegacionmalaga\/files\/2018\/03\/intercambio.jpg 1600w\" sizes=\"(max-width: 300px) 100vw, 300px\" \/><\/p>\n<p>&nbsp;<\/p>\n","protected":false},"excerpt":{"rendered":"<p>El pasado lunes 19 de marzo partieron para Culemborg, Pa\u00edses Bajos, un grupo de estudiantes\u00a0de M\u00e1laga. Se trata del primer programa de intercambio ling\u00fc\u00edstico organizado por este instituto. Durante cinco d\u00edas, el alumnado convivir\u00e1n&#46;&#46;&#46;<\/p>\n","protected":false},"author":1124,"featured_media":0,"comment_status":"open","ping_status":"open","sticky":false,"template":"","format":"standard","meta":{"ngg_post_thumbnail":0,"footnotes":""},"categories":[2284639],"tags":[],"aioseo_notices":[],"_links":{"self":[{"href":"https:\/\/blogsaverroes.juntadeandalucia.es\/plurilinguismodelegacionmalaga\/wp-json\/wp\/v2\/posts\/7409"}],"collection":[{"href":"https:\/\/blogsaverroes.juntadeandalucia.es\/plurilinguismodelegacionmalaga\/wp-json\/wp\/v2\/posts"}],"about":[{"href":"https:\/\/blogsaverroes.juntadeandalucia.es\/plurilinguismodelegacionmalaga\/wp-json\/wp\/v2\/types\/post"}],"author":[{"embeddable":true,"href":"https:\/\/blogsaverroes.juntadeandalucia.es\/plurilinguismodelegacionmalaga\/wp-json\/wp\/v2\/users\/1124"}],"replies":[{"embeddable":true,"href":"https:\/\/blogsaverroes.juntadeandalucia.es\/plurilinguismodelegacionmalaga\/wp-json\/wp\/v2\/comments?post=7409"}],"version-history":[{"count":0,"href":"https:\/\/blogsaverroes.juntadeandalucia.es\/plurilinguismodelegacionmalaga\/wp-json\/wp\/v2\/posts\/7409\/revisions"}],"wp:attachment":[{"href":"https:\/\/blogsaverroes.juntadeandalucia.es\/plurilinguismodelegacionmalaga\/wp-json\/wp\/v2\/media?parent=7409"}],"wp:term":[{"taxonomy":"category","embeddable":true,"href":"https:\/\/blogsaverroes.juntadeandalucia.es\/plurilinguismodelegacionmalaga\/wp-json\/wp\/v2\/categories?post=7409"},{"taxonomy":"post_tag","embeddable":true,"href":"https:\/\/blogsaverroes.juntadeandalucia.es\/plurilinguismodelegacionmalaga\/wp-json\/wp\/v2\/tags?post=7409"}],"curies":[{"name":"wp","href":"https:\/\/api.w.org\/{rel}","templated":true}]}}