{"id":7425,"date":"2018-04-03T09:43:41","date_gmt":"2018-04-03T08:43:41","guid":{"rendered":"https:\/\/www.educacionenmalaga.es\/bilinguismo\/?p=7425"},"modified":"2018-04-03T09:43:41","modified_gmt":"2018-04-03T08:43:41","slug":"proyecto-unidiversity-primera-movilidad-a-rumania","status":"publish","type":"post","link":"https:\/\/blogsaverroes.juntadeandalucia.es\/plurilinguismodelegacionmalaga\/2018\/04\/03\/proyecto-unidiversity-primera-movilidad-a-rumania\/","title":{"rendered":"Proyecto &#8220;Unidiversity&#8221;: Primera movilidad a Rumania"},"content":{"rendered":"<p lang=\"zxx\">El instituto de ense\u00f1anza secundaria &#8220;La Rosaleda&#8221;, estuvo en la ciudad de Satu Mare (Ruman\u00eda) del 5 al 10 de marzo, desarrollando la primera mobilidad del proyecto &#8220;Unidiversity&#8221;, bajo el plan Erasmus+ KA2. Seis estudiantes de La Rosaleda pasaron una semana en Satu Mare con estudiantes del instituto de acogida, Teoretic German &#8220;Johann Ettinger&#8221; Licetul, y del socio polaco, International European School of Warsaw.<\/p>\n<p lang=\"zxx\">El objetivo de este proyecto es construir puentes entre las diferentes culturas y estilos de vida de Polonia, Ruman\u00eda y Espa\u00f1a. Durante una semana nuestros seis estudiantes realizaron talleres y actividades dirigidos a establecer lazos de uni\u00f3n entre los paises socios y aprender de sus diferencias.<\/p>\n<p lang=\"zxx\">Los talleres estuvieron dedicados a mostrar a los otros socios las tradiciones, costumbres y fiestas de cada pa\u00eds y as\u00ed, los estudiantes aprendieron m\u00e1s sobre la cultura de otros pa\u00edses de la Uni\u00f3n Europea. Por ejemplo, cada equipo cant\u00f3 y tradujo canciones populares, cocinaron comida t\u00edpica y explicaron celebraciones y fiestas de sus respectivas naciones.<\/p>\n<p lang=\"zxx\">La presencia de los estudiantes espa\u00f1oles no pas\u00f3 desapercibida.<\/p>\n<p><img loading=\"lazy\" decoding=\"async\" class=\"size-medium wp-image-7426 alignleft\" style=\"font-size: 16px\" src=\"https:\/\/blogsaverroes.juntadeandalucia.es\/plurilinguismodelegacionmalaga\/files\/2018\/04\/rumania-300x200.jpeg\" alt=\"\" width=\"300\" height=\"200\" srcset=\"https:\/\/blogsaverroes.juntadeandalucia.es\/plurilinguismodelegacionmalaga\/files\/2018\/04\/rumania-300x200.jpeg 300w, https:\/\/blogsaverroes.juntadeandalucia.es\/plurilinguismodelegacionmalaga\/files\/2018\/04\/rumania-768x512.jpeg 768w, https:\/\/blogsaverroes.juntadeandalucia.es\/plurilinguismodelegacionmalaga\/files\/2018\/04\/rumania-1024x683.jpeg 1024w, https:\/\/blogsaverroes.juntadeandalucia.es\/plurilinguismodelegacionmalaga\/files\/2018\/04\/rumania-24x16.jpeg 24w, https:\/\/blogsaverroes.juntadeandalucia.es\/plurilinguismodelegacionmalaga\/files\/2018\/04\/rumania-36x24.jpeg 36w, https:\/\/blogsaverroes.juntadeandalucia.es\/plurilinguismodelegacionmalaga\/files\/2018\/04\/rumania-48x32.jpeg 48w, https:\/\/blogsaverroes.juntadeandalucia.es\/plurilinguismodelegacionmalaga\/files\/2018\/04\/rumania.jpeg 1152w\" sizes=\"(max-width: 300px) 100vw, 300px\" \/><\/p>\n<p lang=\"zxx\">La alcaldesa de Satu Mare reconoci\u00f3 la importancia del proyecto &#8220;Unidiversity&#8221; en una calurosa acogida en el Ayuntamiento de la localidad; el peri\u00f3dico local public\u00f3 un art\u00edculo describiendo el proyecto y una televisi\u00f3n regional retransmiti\u00f3 el flashmob realizado por los estudiantes de los tres institutos participantes.<\/p>\n<p><a href=\"https:\/\/youtu.be\/GYs_1FL3fmk\" target=\"_blank\" rel=\"noopener noreferrer\">https:\/\/youtu.be\/GYs_1FL3fmk<\/a><\/p>\n","protected":false},"excerpt":{"rendered":"<p>El instituto de ense\u00f1anza secundaria &#8220;La Rosaleda&#8221;, estuvo en la ciudad de Satu Mare (Ruman\u00eda) del 5 al 10 de marzo, desarrollando la primera mobilidad del proyecto &#8220;Unidiversity&#8221;, bajo el plan Erasmus+ KA2. Seis&#46;&#46;&#46;<\/p>\n","protected":false},"author":1124,"featured_media":0,"comment_status":"open","ping_status":"open","sticky":false,"template":"","format":"standard","meta":{"ngg_post_thumbnail":0,"footnotes":""},"categories":[2284639],"tags":[],"aioseo_notices":[],"_links":{"self":[{"href":"https:\/\/blogsaverroes.juntadeandalucia.es\/plurilinguismodelegacionmalaga\/wp-json\/wp\/v2\/posts\/7425"}],"collection":[{"href":"https:\/\/blogsaverroes.juntadeandalucia.es\/plurilinguismodelegacionmalaga\/wp-json\/wp\/v2\/posts"}],"about":[{"href":"https:\/\/blogsaverroes.juntadeandalucia.es\/plurilinguismodelegacionmalaga\/wp-json\/wp\/v2\/types\/post"}],"author":[{"embeddable":true,"href":"https:\/\/blogsaverroes.juntadeandalucia.es\/plurilinguismodelegacionmalaga\/wp-json\/wp\/v2\/users\/1124"}],"replies":[{"embeddable":true,"href":"https:\/\/blogsaverroes.juntadeandalucia.es\/plurilinguismodelegacionmalaga\/wp-json\/wp\/v2\/comments?post=7425"}],"version-history":[{"count":0,"href":"https:\/\/blogsaverroes.juntadeandalucia.es\/plurilinguismodelegacionmalaga\/wp-json\/wp\/v2\/posts\/7425\/revisions"}],"wp:attachment":[{"href":"https:\/\/blogsaverroes.juntadeandalucia.es\/plurilinguismodelegacionmalaga\/wp-json\/wp\/v2\/media?parent=7425"}],"wp:term":[{"taxonomy":"category","embeddable":true,"href":"https:\/\/blogsaverroes.juntadeandalucia.es\/plurilinguismodelegacionmalaga\/wp-json\/wp\/v2\/categories?post=7425"},{"taxonomy":"post_tag","embeddable":true,"href":"https:\/\/blogsaverroes.juntadeandalucia.es\/plurilinguismodelegacionmalaga\/wp-json\/wp\/v2\/tags?post=7425"}],"curies":[{"name":"wp","href":"https:\/\/api.w.org\/{rel}","templated":true}]}}