{"id":7573,"date":"2018-06-29T10:55:02","date_gmt":"2018-06-29T09:55:02","guid":{"rendered":"https:\/\/www.educacionenmalaga.es\/bilinguismo\/?p=7573"},"modified":"2018-06-29T10:55:02","modified_gmt":"2018-06-29T09:55:02","slug":"proeducar-2018-2019","status":"publish","type":"post","link":"https:\/\/blogsaverroes.juntadeandalucia.es\/plurilinguismodelegacionmalaga\/2018\/06\/29\/proeducar-2018-2019\/","title":{"rendered":"Proeducar  2018\/2019"},"content":{"rendered":"<p><a href=\"http:\/\/portals.ced.junta-andalucia.es\/educacion\/portals\/web\/ced\/normativa\/-\/normativas\/detalle\/instrucciones-de-27-de-junio-de-2018-de-la-direccion-general-de-innovacion-y-formacion-del-profesorado-sobre-el\">INSTRUCCIONES DE 27 DE JUNIO DE 2018, DE LA DIRECCI\u00d3N GENERAL DE<\/a><br \/>\nINNOVACI\u00d3N Y FORMACI\u00d3N DEL PROFESORADO, SOBRE EL DESARROLLO DEL<br \/>\nPROGRAMA DE APOYO EN LENGUA EXTRANJERA \u201cPROEDUCAR\u201d DESTINADO A<br \/>\nINSTITUTOS DE ENSE\u00d1ANZA SECUNDARIA PARA EL CURSO 2018\/2019.<\/p>\n<p>Este programa esta orientado al alumnado de los primeros cursos de ESO (1\u00ba a 3\u00ba) para reforzar el aprendizaje\u00a0 de\u00a0su primera lengua extranjera incidiendo en la comprensi\u00f3n auditiva y expresi\u00f3n e interacci\u00f3n oral.<\/p>\n<p>Priorizando a centros con planes de compensaci\u00f3n educativa, centros rurales y centros biling\u00fces, en ese orden.<\/p>\n<p class=\"western\" align=\"justify\"><span style=\"color: #000000\"><span style=\"font-family: NewsGotT\"><span style=\"font-size: medium\"><span lang=\"es-ES\">Si el centro desea participar en dicho programa, ser\u00e1 necesario <\/span><\/span><\/span><\/span><span style=\"color: #000000\"><span style=\"font-family: NewsGotT\"><span style=\"font-size: medium\"><span lang=\"es-ES\"><b>cumplimentar el formulario en l\u00ednea <\/b><\/span><\/span><\/span><\/span> <span style=\"color: #0000ff\"><u><a class=\"western\" href=\"https:\/\/goo.gl\/55iDZN\"><span style=\"color: #000000\"><span style=\"font-family: NewsGotT\"><span style=\"font-size: medium\"><span lang=\"es-ES\">https:\/\/goo.gl\/55iDZN<\/span><\/span><\/span><\/span><\/a><\/u><\/span><span style=\"color: #000000\"><span style=\"font-family: NewsGotT\"><span style=\"font-size: medium\"><span lang=\"es-ES\"> y <\/span><\/span><\/span><\/span><span style=\"color: #000000\"><span style=\"font-family: NewsGotT\"><span style=\"font-size: medium\"><span lang=\"es-ES\">remitirnos <b>el anexo I<\/b><\/span><\/span><\/span><\/span><span style=\"color: #000000\"><span style=\"font-family: NewsGotT\"><span style=\"font-size: medium\"><span lang=\"es-ES\"> al Servicio de Ordenaci\u00f3n Educativa de la Delegaci\u00f3n de M\u00e1laga.<\/span><\/span><\/span><\/span><\/p>\n<p>&nbsp;<\/p>\n<p>&nbsp;<\/p>\n<p>&nbsp;<\/p>\n<p>&nbsp;<\/p>\n","protected":false},"excerpt":{"rendered":"<p>INSTRUCCIONES DE 27 DE JUNIO DE 2018, DE LA DIRECCI\u00d3N GENERAL DE INNOVACI\u00d3N Y FORMACI\u00d3N DEL PROFESORADO, SOBRE EL DESARROLLO DEL PROGRAMA DE APOYO EN LENGUA EXTRANJERA \u201cPROEDUCAR\u201d DESTINADO A INSTITUTOS DE ENSE\u00d1ANZA SECUNDARIA&#46;&#46;&#46;<\/p>\n","protected":false},"author":1124,"featured_media":0,"comment_status":"open","ping_status":"open","sticky":false,"template":"","format":"standard","meta":{"ngg_post_thumbnail":0,"footnotes":""},"categories":[2284639],"tags":[],"aioseo_notices":[],"_links":{"self":[{"href":"https:\/\/blogsaverroes.juntadeandalucia.es\/plurilinguismodelegacionmalaga\/wp-json\/wp\/v2\/posts\/7573"}],"collection":[{"href":"https:\/\/blogsaverroes.juntadeandalucia.es\/plurilinguismodelegacionmalaga\/wp-json\/wp\/v2\/posts"}],"about":[{"href":"https:\/\/blogsaverroes.juntadeandalucia.es\/plurilinguismodelegacionmalaga\/wp-json\/wp\/v2\/types\/post"}],"author":[{"embeddable":true,"href":"https:\/\/blogsaverroes.juntadeandalucia.es\/plurilinguismodelegacionmalaga\/wp-json\/wp\/v2\/users\/1124"}],"replies":[{"embeddable":true,"href":"https:\/\/blogsaverroes.juntadeandalucia.es\/plurilinguismodelegacionmalaga\/wp-json\/wp\/v2\/comments?post=7573"}],"version-history":[{"count":0,"href":"https:\/\/blogsaverroes.juntadeandalucia.es\/plurilinguismodelegacionmalaga\/wp-json\/wp\/v2\/posts\/7573\/revisions"}],"wp:attachment":[{"href":"https:\/\/blogsaverroes.juntadeandalucia.es\/plurilinguismodelegacionmalaga\/wp-json\/wp\/v2\/media?parent=7573"}],"wp:term":[{"taxonomy":"category","embeddable":true,"href":"https:\/\/blogsaverroes.juntadeandalucia.es\/plurilinguismodelegacionmalaga\/wp-json\/wp\/v2\/categories?post=7573"},{"taxonomy":"post_tag","embeddable":true,"href":"https:\/\/blogsaverroes.juntadeandalucia.es\/plurilinguismodelegacionmalaga\/wp-json\/wp\/v2\/tags?post=7573"}],"curies":[{"name":"wp","href":"https:\/\/api.w.org\/{rel}","templated":true}]}}