{"id":7747,"date":"2018-12-11T12:33:08","date_gmt":"2018-12-11T11:33:08","guid":{"rendered":"https:\/\/www.educacionenmalaga.es\/bilinguismo\/?p=7747"},"modified":"2018-12-11T12:33:08","modified_gmt":"2018-12-11T11:33:08","slug":"beca-para-el-instituto-de-verano-benjamin-franklin-2019-en-eeuu-para-jovenes-entre-16-y-18-anos","status":"publish","type":"post","link":"https:\/\/blogsaverroes.juntadeandalucia.es\/plurilinguismodelegacionmalaga\/2018\/12\/11\/beca-para-el-instituto-de-verano-benjamin-franklin-2019-en-eeuu-para-jovenes-entre-16-y-18-anos\/","title":{"rendered":"Beca para el Instituto de Verano Benjamin Franklin 2019 en EEUU para j\u00f3venes entre 16 y 18 a\u00f1os"},"content":{"rendered":"<p>Est\u00e1 abierto el plazo para la presentaci\u00f3n de solicitudes referente a la convocatoria de una beca para participar en el Instituto de Verano Benjamin Franklin 2019 en los Estados Unidos de Am\u00e9rica para j\u00f3venes entre 16 y 18 a\u00f1os.<\/p>\n<p>La Embajada de los Estados Unidos en Espa\u00f1a selecciona un estudiante espa\u00f1ol, andorrano o residente en Espa\u00f1a o Andorra para participar en el Instituto de Verano Benjamin Franklin, un programa financiado por el Departamento de Estado de los Estados Unidos. El estudiante seleccionado participar\u00e1 en un programa intensivo de cuatro semanas enfocado en los asuntos globales a los que se enfrentan los j\u00f3venes a ambos lados del Atl\u00e1ntico y abordar\u00e1 prioridades de pol\u00edtica exterior de los Estados Unidos tales como la participaci\u00f3n de los j\u00f3venes, el desarrollo de los valores democr\u00e1ticos y la sociedad civil, y la prosperidad econ\u00f3mica.<\/p>\n<p>El Instituto tendr\u00e1 lugar en la Universidad de Purdue en West Lafayette, Indiana, en fecha exacta a\u00fan por determinar entre los meses de junio y julio de 2019, y reunir\u00e1 a 45 estudiantes de distintos pa\u00edses de Europa y Asia Central con 10 estudiantes estadounidenses.<\/p>\n<p>Todos los gastos (viaje, alojamiento, manutenci\u00f3n, seguro m\u00e9dico y de accidentes y visado) correr\u00e1n a cargo del Departamento de Estado de los Estados Unidos de Am\u00e9rica.<\/p>\n<p>El plazo de presentaci\u00f3n de solicitudes finaliza el 13 de enero de 2019. Puede encontrar toda la informaci\u00f3n en: <a href=\"https:\/\/bit.ly\/2EhQLrs\">https:\/\/bit.ly\/2EhQLrs<\/a><\/p>\n","protected":false},"excerpt":{"rendered":"<p>Est\u00e1 abierto el plazo para la presentaci\u00f3n de solicitudes referente a la convocatoria de una beca para participar en el Instituto de Verano Benjamin Franklin 2019 en los Estados Unidos de Am\u00e9rica para j\u00f3venes&#46;&#46;&#46;<\/p>\n","protected":false},"author":1124,"featured_media":0,"comment_status":"open","ping_status":"open","sticky":false,"template":"","format":"standard","meta":{"ngg_post_thumbnail":0,"footnotes":""},"categories":[526],"tags":[],"aioseo_notices":[],"_links":{"self":[{"href":"https:\/\/blogsaverroes.juntadeandalucia.es\/plurilinguismodelegacionmalaga\/wp-json\/wp\/v2\/posts\/7747"}],"collection":[{"href":"https:\/\/blogsaverroes.juntadeandalucia.es\/plurilinguismodelegacionmalaga\/wp-json\/wp\/v2\/posts"}],"about":[{"href":"https:\/\/blogsaverroes.juntadeandalucia.es\/plurilinguismodelegacionmalaga\/wp-json\/wp\/v2\/types\/post"}],"author":[{"embeddable":true,"href":"https:\/\/blogsaverroes.juntadeandalucia.es\/plurilinguismodelegacionmalaga\/wp-json\/wp\/v2\/users\/1124"}],"replies":[{"embeddable":true,"href":"https:\/\/blogsaverroes.juntadeandalucia.es\/plurilinguismodelegacionmalaga\/wp-json\/wp\/v2\/comments?post=7747"}],"version-history":[{"count":0,"href":"https:\/\/blogsaverroes.juntadeandalucia.es\/plurilinguismodelegacionmalaga\/wp-json\/wp\/v2\/posts\/7747\/revisions"}],"wp:attachment":[{"href":"https:\/\/blogsaverroes.juntadeandalucia.es\/plurilinguismodelegacionmalaga\/wp-json\/wp\/v2\/media?parent=7747"}],"wp:term":[{"taxonomy":"category","embeddable":true,"href":"https:\/\/blogsaverroes.juntadeandalucia.es\/plurilinguismodelegacionmalaga\/wp-json\/wp\/v2\/categories?post=7747"},{"taxonomy":"post_tag","embeddable":true,"href":"https:\/\/blogsaverroes.juntadeandalucia.es\/plurilinguismodelegacionmalaga\/wp-json\/wp\/v2\/tags?post=7747"}],"curies":[{"name":"wp","href":"https:\/\/api.w.org\/{rel}","templated":true}]}}