{"id":7858,"date":"2019-02-06T09:33:04","date_gmt":"2019-02-06T08:33:04","guid":{"rendered":"https:\/\/www.educacionenmalaga.es\/bilinguismo\/?p=7858"},"modified":"2019-02-06T09:33:04","modified_gmt":"2019-02-06T08:33:04","slug":"convocatoria-labelfranceducation-2019","status":"publish","type":"post","link":"https:\/\/blogsaverroes.juntadeandalucia.es\/plurilinguismodelegacionmalaga\/2019\/02\/06\/convocatoria-labelfranceducation-2019\/","title":{"rendered":"Convocatoria LabelFranc\u00c9ducation 2019"},"content":{"rendered":"<p>&nbsp;<\/p>\n<p><a href=\"https:\/\/www.educacionenmalaga.es\/bilinguismo\/2019\/02\/06\/convocatoria-labelfranceducation-2019\/labelfrance\/\" rel=\"attachment wp-att-7861\"><img loading=\"lazy\" decoding=\"async\" class=\"alignleft size-full wp-image-7861\" src=\"https:\/\/blogsaverroes.juntadeandalucia.es\/plurilinguismodelegacionmalaga\/files\/2019\/02\/labelfrance.png\" alt=\"\" width=\"180\" height=\"180\" srcset=\"https:\/\/blogsaverroes.juntadeandalucia.es\/plurilinguismodelegacionmalaga\/files\/2019\/02\/labelfrance.png 180w, https:\/\/blogsaverroes.juntadeandalucia.es\/plurilinguismodelegacionmalaga\/files\/2019\/02\/labelfrance-150x150.png 150w, https:\/\/blogsaverroes.juntadeandalucia.es\/plurilinguismodelegacionmalaga\/files\/2019\/02\/labelfrance-100x100.png 100w, https:\/\/blogsaverroes.juntadeandalucia.es\/plurilinguismodelegacionmalaga\/files\/2019\/02\/labelfrance-160x160.png 160w, https:\/\/blogsaverroes.juntadeandalucia.es\/plurilinguismodelegacionmalaga\/files\/2019\/02\/labelfrance-24x24.png 24w, https:\/\/blogsaverroes.juntadeandalucia.es\/plurilinguismodelegacionmalaga\/files\/2019\/02\/labelfrance-36x36.png 36w, https:\/\/blogsaverroes.juntadeandalucia.es\/plurilinguismodelegacionmalaga\/files\/2019\/02\/labelfrance-48x48.png 48w\" sizes=\"(max-width: 180px) 100vw, 180px\" \/><\/a><\/p>\n<p>Como cada a\u00f1o desde el a\u00f1o 2012, el Ministerio de Asuntos Exteriores Franc\u00e9s y la AEFE (Agencia para la ense\u00f1anza francesa en el extranjero) lanzan su campa\u00f1a de candidatura para el 2019 para la obtenci\u00f3n del sello\u00a0<strong>LabelFranc\u00c9ducation<\/strong>.<\/p>\n<p>El objetivo del LabelFranc\u00c9ducation es promover los centros educativos p\u00fablicos y privados extranjeros, sean centros de ense\u00f1anza general o de formaci\u00f3n profesional, que contribuyen en el marco de su ense\u00f1anza al fomento y la difusi\u00f3n de la lengua y cultura francesa, y que imparten al menos 20% del curr\u00edculo en franc\u00e9s.<\/p>\n<p>Los centros que obtienen el sello gozan de una herramienta de promoci\u00f3n atractiva que les ayuda a mejorar o asentar su renombre y su notoriedad, fomentando a su vez la motivaci\u00f3n de su equipo docente.<\/p>\n<p>Por otra parte, estos centros gozan de unas herramientas y unos recursos pedag\u00f3gicos adaptados a sus necesidades para obtener un verdadero valor a\u00f1adido a nivel educativo, a la vez que pasan a formar parte de una red mundial, lo que favorece el intercambio de buenas pr\u00e1cticas, recursos y modelos pedag\u00f3gicos innovadores.<\/p>\n<h4><strong>Plazos y procedimiento de solicitud<\/strong><\/h4>\n<p>Se recomienda acceder inicialmente a la web\u00a0<a href=\"http:\/\/labelfranceducation.fr\/\">http:\/\/labelfranceducation.fr\/<\/a>\u00a0y confirmar que su centro cumple los requisitos para poder presentarse.<\/p>\n<p>En\u00a0<a href=\"https:\/\/candidatures.labelfranceducation.aefe.fr\/login\"><strong>este enlace<\/strong><\/a>\u00a0de la mencionada web puede acceder a la plataforma online de solicitud, desde la que se extrae tanto el dossier como los dem\u00e1s documentos requeridos para la solicitud.\u00a0 Toda la documentaci\u00f3n generada deber\u00e1 ser enviada mediante correo electr\u00f3nico a la sede diplom\u00e1tica que corresponda (consultar listado aqu\u00ed:\u00a0<a href=\"https:\/\/www.diplomatie.gouv.fr\/fr\/le-ministere-et-son-reseau\/annuaires-et-adresses-du-ministere-de-l-europe-et-des-affaires-etrangeres\/ambassades-et-consulats-francais-a-l-etranger\/\">poste diplomatique<\/a>).<\/p>\n<p>En cuanto a plazos, las solicitudes podr\u00e1n ser formuladas hasta las\u00a0<strong>23:59:59 UTC+1<\/strong>\u00a0del d\u00eda\u00a0<strong>8 de marzo de 2019<\/strong>.<\/p>\n<p>Para asegurarse de una conveniente cumplimentaci\u00f3n de la solicitud es importante la consulta detallada de los siguientes documentos:<\/p>\n<p><strong><a href=\"http:\/\/labelfranceducation.fr\/sites\/default\/files\/Guide%20administratif%20et%20financier%20LabelFrancEducation%202019.pdf\">GU\u00cdA DE SOLICITUD<\/a><\/strong><\/p>\n<p><strong><a href=\"http:\/\/labelfranceducation.fr\/sites\/default\/files\/Notice%20utilisateur%20%C3%A9tablissement%20-%20Pateforme%20LabelFranc%C3%89ducation%202019_0.pdf\">Notice utilisateur \u2013 Plateforme candidature (premi\u00e8re demande)<\/a><\/strong><\/p>\n","protected":false},"excerpt":{"rendered":"<p>&nbsp; Como cada a\u00f1o desde el a\u00f1o 2012, el Ministerio de Asuntos Exteriores Franc\u00e9s y la AEFE (Agencia para la ense\u00f1anza francesa en el extranjero) lanzan su campa\u00f1a de candidatura para el 2019 para&#46;&#46;&#46;<\/p>\n","protected":false},"author":1124,"featured_media":0,"comment_status":"open","ping_status":"open","sticky":false,"template":"","format":"standard","meta":{"ngg_post_thumbnail":0,"footnotes":""},"categories":[796323,2284639],"tags":[],"aioseo_notices":[],"_links":{"self":[{"href":"https:\/\/blogsaverroes.juntadeandalucia.es\/plurilinguismodelegacionmalaga\/wp-json\/wp\/v2\/posts\/7858"}],"collection":[{"href":"https:\/\/blogsaverroes.juntadeandalucia.es\/plurilinguismodelegacionmalaga\/wp-json\/wp\/v2\/posts"}],"about":[{"href":"https:\/\/blogsaverroes.juntadeandalucia.es\/plurilinguismodelegacionmalaga\/wp-json\/wp\/v2\/types\/post"}],"author":[{"embeddable":true,"href":"https:\/\/blogsaverroes.juntadeandalucia.es\/plurilinguismodelegacionmalaga\/wp-json\/wp\/v2\/users\/1124"}],"replies":[{"embeddable":true,"href":"https:\/\/blogsaverroes.juntadeandalucia.es\/plurilinguismodelegacionmalaga\/wp-json\/wp\/v2\/comments?post=7858"}],"version-history":[{"count":0,"href":"https:\/\/blogsaverroes.juntadeandalucia.es\/plurilinguismodelegacionmalaga\/wp-json\/wp\/v2\/posts\/7858\/revisions"}],"wp:attachment":[{"href":"https:\/\/blogsaverroes.juntadeandalucia.es\/plurilinguismodelegacionmalaga\/wp-json\/wp\/v2\/media?parent=7858"}],"wp:term":[{"taxonomy":"category","embeddable":true,"href":"https:\/\/blogsaverroes.juntadeandalucia.es\/plurilinguismodelegacionmalaga\/wp-json\/wp\/v2\/categories?post=7858"},{"taxonomy":"post_tag","embeddable":true,"href":"https:\/\/blogsaverroes.juntadeandalucia.es\/plurilinguismodelegacionmalaga\/wp-json\/wp\/v2\/tags?post=7858"}],"curies":[{"name":"wp","href":"https:\/\/api.w.org\/{rel}","templated":true}]}}