{"id":7996,"date":"2019-04-25T11:52:20","date_gmt":"2019-04-25T10:52:20","guid":{"rendered":"https:\/\/www.educacionenmalaga.es\/bilinguismo\/?p=7996"},"modified":"2019-04-25T11:52:20","modified_gmt":"2019-04-25T10:52:20","slug":"becas-avenir-2019-2020","status":"publish","type":"post","link":"https:\/\/blogsaverroes.juntadeandalucia.es\/plurilinguismodelegacionmalaga\/2019\/04\/25\/becas-avenir-2019-2020\/","title":{"rendered":"Becas Avenir 2019\/2020"},"content":{"rendered":"<p><a href=\"https:\/\/www.educacionenmalaga.es\/bilinguismo\/2019\/04\/25\/becas-avenir-2019-2020\/voler\/\" rel=\"attachment wp-att-7999\"><img loading=\"lazy\" decoding=\"async\" class=\"aligncenter size-large wp-image-7999\" src=\"https:\/\/blogsaverroes.juntadeandalucia.es\/plurilinguismodelegacionmalaga\/files\/2019\/04\/voler-1024x341.jpg\" alt=\"\" width=\"560\" height=\"186\" srcset=\"https:\/\/blogsaverroes.juntadeandalucia.es\/plurilinguismodelegacionmalaga\/files\/2019\/04\/voler-1024x341.jpg 1024w, https:\/\/blogsaverroes.juntadeandalucia.es\/plurilinguismodelegacionmalaga\/files\/2019\/04\/voler-300x100.jpg 300w, https:\/\/blogsaverroes.juntadeandalucia.es\/plurilinguismodelegacionmalaga\/files\/2019\/04\/voler-768x256.jpg 768w, https:\/\/blogsaverroes.juntadeandalucia.es\/plurilinguismodelegacionmalaga\/files\/2019\/04\/voler-24x8.jpg 24w, https:\/\/blogsaverroes.juntadeandalucia.es\/plurilinguismodelegacionmalaga\/files\/2019\/04\/voler-36x12.jpg 36w, https:\/\/blogsaverroes.juntadeandalucia.es\/plurilinguismodelegacionmalaga\/files\/2019\/04\/voler-48x16.jpg 48w, https:\/\/blogsaverroes.juntadeandalucia.es\/plurilinguismodelegacionmalaga\/files\/2019\/04\/voler.jpg 1500w\" sizes=\"(max-width: 560px) 100vw, 560px\" \/><\/a><\/p>\n<p>Desde el Ministerio L<span lang=\"ES\">a Embajada de Francia y el Institut fran\u00e7ais en Espa\u00f1a, en colaboraci\u00f3n con la asociaci\u00f3n de amistad hispano-francesa Di\u00e1logo, se al\u00edan a empresas y centros de educaci\u00f3n superior para proponer cerca de 50 becas de excelencia a estudiantes espa\u00f1oles o hispano-franceses. <\/span><\/p>\n<p><span lang=\"ES\">Estas becas tienen como objetivo facilitar que estudiantes espa\u00f1oles puedan disfrutar de estancias en Francia para estudiar en una universidad o &#8220;Grande Ecole&#8221; o realizar pr\u00e1cticas durante el curso 2019\/20. En esta ocasi\u00f3n, se han ofertado alrededor de 50 becas, de entre 3.500 y 10.000 euros cada una. <\/span><\/p>\n<p><span lang=\"ES\">El plazo para presentaci\u00f3n de las <\/span><span lang=\"ES\">candidaturas\u00a0finaliza<b> el 17 de mayo.<\/b><\/span><\/p>\n<p><span lang=\"ES\">Toda la informaci\u00f3n puede consultarse en la web:\u00a0<\/span><a href=\"https:\/\/es.ambafrance.org\/Becas-Avenir-2019-2020\" target=\"_blank\" rel=\"noopener noreferrer\"><span lang=\"ES\">https:\/\/es.ambafrance.org\/Becas-Avenir-2019-2020<\/span><\/a><span lang=\"ES\">\u00a0<\/span><\/p>\n<p><span lang=\"ES\">\u00a0<\/span><\/p>\n<p><span lang=\"ES\">Para cualquier duda puede dirigirse al tel\u00e9fono: +34 91 559 72 77 (ext. 112), al correo: <\/span><a href=\"mailto:avenir@dialogo.es\"><span lang=\"ES\">avenir@dialogo.es<\/span><\/a>,<span lang=\"ES\"> o a la web: <\/span><a href=\"http:\/\/www.dialogo.es\"><span lang=\"ES\">www.dialogo.es<\/span><\/a><\/p>\n","protected":false},"excerpt":{"rendered":"<p>Desde el Ministerio La Embajada de Francia y el Institut fran\u00e7ais en Espa\u00f1a, en colaboraci\u00f3n con la asociaci\u00f3n de amistad hispano-francesa Di\u00e1logo, se al\u00edan a empresas y centros de educaci\u00f3n superior para proponer cerca&#46;&#46;&#46;<\/p>\n","protected":false},"author":1124,"featured_media":0,"comment_status":"closed","ping_status":"open","sticky":false,"template":"","format":"standard","meta":{"ngg_post_thumbnail":0,"footnotes":""},"categories":[5],"tags":[],"aioseo_notices":[],"_links":{"self":[{"href":"https:\/\/blogsaverroes.juntadeandalucia.es\/plurilinguismodelegacionmalaga\/wp-json\/wp\/v2\/posts\/7996"}],"collection":[{"href":"https:\/\/blogsaverroes.juntadeandalucia.es\/plurilinguismodelegacionmalaga\/wp-json\/wp\/v2\/posts"}],"about":[{"href":"https:\/\/blogsaverroes.juntadeandalucia.es\/plurilinguismodelegacionmalaga\/wp-json\/wp\/v2\/types\/post"}],"author":[{"embeddable":true,"href":"https:\/\/blogsaverroes.juntadeandalucia.es\/plurilinguismodelegacionmalaga\/wp-json\/wp\/v2\/users\/1124"}],"replies":[{"embeddable":true,"href":"https:\/\/blogsaverroes.juntadeandalucia.es\/plurilinguismodelegacionmalaga\/wp-json\/wp\/v2\/comments?post=7996"}],"version-history":[{"count":0,"href":"https:\/\/blogsaverroes.juntadeandalucia.es\/plurilinguismodelegacionmalaga\/wp-json\/wp\/v2\/posts\/7996\/revisions"}],"wp:attachment":[{"href":"https:\/\/blogsaverroes.juntadeandalucia.es\/plurilinguismodelegacionmalaga\/wp-json\/wp\/v2\/media?parent=7996"}],"wp:term":[{"taxonomy":"category","embeddable":true,"href":"https:\/\/blogsaverroes.juntadeandalucia.es\/plurilinguismodelegacionmalaga\/wp-json\/wp\/v2\/categories?post=7996"},{"taxonomy":"post_tag","embeddable":true,"href":"https:\/\/blogsaverroes.juntadeandalucia.es\/plurilinguismodelegacionmalaga\/wp-json\/wp\/v2\/tags?post=7996"}],"curies":[{"name":"wp","href":"https:\/\/api.w.org\/{rel}","templated":true}]}}