{"id":8042,"date":"2019-05-15T11:08:24","date_gmt":"2019-05-15T10:08:24","guid":{"rendered":"https:\/\/www.educacionenmalaga.es\/bilinguismo\/?p=8042"},"modified":"2019-05-15T11:08:24","modified_gmt":"2019-05-15T10:08:24","slug":"easter-2019-en-los-guindos","status":"publish","type":"post","link":"https:\/\/blogsaverroes.juntadeandalucia.es\/plurilinguismodelegacionmalaga\/2019\/05\/15\/easter-2019-en-los-guindos\/","title":{"rendered":"Easter 2019 en Los Guindos"},"content":{"rendered":"<div>\n<div data-blogger-escaped-style=\"text-align: justify;\">\n<p>La semana previa a las vacaciones de Semana Santa, celebramos, como ya es habitual en nuestro cole,\u00a0 la festividad de Easter. En esta ocasi\u00f3n, el profesorado del equipo biling\u00fce (ingl\u00e9s, science, pl\u00e1stica, ed.F\u00edsica y tutores correspondientes) program\u00f3\u00a0 una serie de actividades, destacando especialmente entre ellas, unas jornadas &#8220;biling\u00fces-deportivas&#8221;, con el prop\u00f3sito de practicar la comprensi\u00f3n y expresi\u00f3n oral en ingl\u00e9s, favorecer h\u00e1bitos sanos como hacer ejercicio y deporte, fomentar el compa\u00f1erismo, la convivencia positiva y el disfrute\u00a0 entre nuestro alumnado.<\/p>\n<\/div>\n<\/div>\n<div>\n<div data-blogger-escaped-style=\"text-align: justify;\">\n<p>ACTIVIDADES REALIZADAS:<\/p>\n<\/div>\n<\/div>\n<div>\n<div data-blogger-escaped-style=\"text-align: justify;\">\n<p>El alumnado de 1\u00ba a 3\u00aa particip\u00f3 en unas gymkhanas &#8220;biling\u00fces-deportivas &#8220;, dirigidas por las maestras de E. F\u00edsica: Laura y M\u00f3nica.<\/p>\n<\/div>\n<\/div>\n<div>\n<div data-blogger-escaped-style=\"text-align: justify;\">\n<p>Los alumnos\/as de sexto, fueron los encargados de explicar las instrucciones de los juegos en ingl\u00e9s al resto de sus compa\u00f1eros m\u00e1s peque\u00f1os.<\/p>\n<\/div>\n<\/div>\n<div>\n<div data-blogger-escaped-style=\"text-align: justify;\">\n<p>Los juegos fueron los siguientes :<\/p>\n<\/div>\n<div data-blogger-escaped-style=\"text-align: justify;\">\n<p>&#8211; La gallinita ciega &#8211;<b>\u00a0little blind chick.<\/b><\/p>\n<div><\/div>\n<div><a href=\"https:\/\/3.bp.blogspot.com\/-GOqMCYXyJ9k\/XMbYlsKx7jI\/AAAAAAAAAnc\/iz9a_-BVaYcfB4mUdIhMRW62CIrtnzI-gCEwYBhgL\/s1600\/DSC_1589.JPG\" data-blogger-escaped-style=\"margin-left: 1em; margin-right: 1em;\"><img loading=\"lazy\" decoding=\"async\" src=\"https:\/\/3.bp.blogspot.com\/-GOqMCYXyJ9k\/XMbYlsKx7jI\/AAAAAAAAAnc\/iz9a_-BVaYcfB4mUdIhMRW62CIrtnzI-gCEwYBhgL\/s400\/DSC_1589.JPG\" width=\"400\" height=\"221\" border=\"0\" data-blogger-escaped-data-original-height=\"903\" data-blogger-escaped-data-original-width=\"1600\" \/><\/a><\/div>\n<div><\/div>\n<div>&#8211; Carrera de sacos de conejos de Pascua &#8211;<b>\u00a0Sack race.<\/b><\/div>\n<div><\/div>\n<div><a href=\"https:\/\/2.bp.blogspot.com\/-XYZZOs_qyaw\/XMbdudHSsQI\/AAAAAAAAAoU\/tb9n5TnUbpMKX7XyWzEOKR-nDfSAP5oqQCEwYBhgL\/s1600\/IMG_20190412_131022.jpg\" data-blogger-escaped-style=\"margin-left: 1em; margin-right: 1em; text-align: center;\"><img loading=\"lazy\" decoding=\"async\" src=\"https:\/\/2.bp.blogspot.com\/-XYZZOs_qyaw\/XMbdudHSsQI\/AAAAAAAAAoU\/tb9n5TnUbpMKX7XyWzEOKR-nDfSAP5oqQCEwYBhgL\/s400\/IMG_20190412_131022.jpg\" width=\"400\" height=\"300\" border=\"0\" data-blogger-escaped-data-original-height=\"1200\" data-blogger-escaped-data-original-width=\"1600\" \/><\/a><\/div>\n<div><a href=\"https:\/\/3.bp.blogspot.com\/-HfTVGZhv0wc\/XNAORRszgbI\/AAAAAAAAAp0\/-12foiVDdhYeZ1ZhszC5Mlp0yWaiTgGNQCEwYBhgL\/s1600\/IMG_20190412_095143.jpg\" data-blogger-escaped-style=\"margin-left: 1em; margin-right: 1em;\"><img loading=\"lazy\" decoding=\"async\" src=\"https:\/\/3.bp.blogspot.com\/-HfTVGZhv0wc\/XNAORRszgbI\/AAAAAAAAAp0\/-12foiVDdhYeZ1ZhszC5Mlp0yWaiTgGNQCEwYBhgL\/s400\/IMG_20190412_095143.jpg\" width=\"400\" height=\"298\" border=\"0\" data-blogger-escaped-data-original-height=\"1197\" data-blogger-escaped-data-original-width=\"1600\" \/><\/a><\/div>\n<div><\/div>\n<div>&#8211; Tres en raya &#8211;<strong>\u00a0Tree in a line\u00a0<\/strong><\/div>\n<div><\/div>\n<div><a href=\"https:\/\/1.bp.blogspot.com\/-cW_7W4h4e6s\/XNAOyhSzYLI\/AAAAAAAAAqM\/Db4RXZJc5Scb9hdiZcmjzOf1ogrMaX8-wCLcBGAs\/s1600\/IMG_20190412_101928.jpg\" data-blogger-escaped-style=\"margin-left: 1em; margin-right: 1em;\"><img loading=\"lazy\" decoding=\"async\" src=\"https:\/\/1.bp.blogspot.com\/-cW_7W4h4e6s\/XNAOyhSzYLI\/AAAAAAAAAqM\/Db4RXZJc5Scb9hdiZcmjzOf1ogrMaX8-wCLcBGAs\/s400\/IMG_20190412_101928.jpg\" width=\"298\" height=\"400\" border=\"0\" data-blogger-escaped-data-original-height=\"1600\" data-blogger-escaped-data-original-width=\"1197\" \/><\/a><\/div>\n<div>&#8211; La cuchara y el huevo-\u00a0<strong>My spoon and my<\/strong>\u00a0<strong>egg<\/strong><\/div>\n<div><\/div>\n<div><a href=\"https:\/\/2.bp.blogspot.com\/-3KG9Z6s6C_U\/XMbTzssaS1I\/AAAAAAAAAmA\/HBWz6NuINLsYkyT8SwaSckk5gv0snEZXgCLcBGAs\/s1600\/DSC_1599.JPG\" data-blogger-escaped-style=\"margin-left: 1em; margin-right: 1em;\"><img loading=\"lazy\" decoding=\"async\" src=\"https:\/\/2.bp.blogspot.com\/-3KG9Z6s6C_U\/XMbTzssaS1I\/AAAAAAAAAmA\/HBWz6NuINLsYkyT8SwaSckk5gv0snEZXgCLcBGAs\/s400\/DSC_1599.JPG\" width=\"400\" height=\"225\" border=\"0\" data-blogger-escaped-data-original-height=\"903\" data-blogger-escaped-data-original-width=\"1600\" \/><\/a><\/div>\n<div><a href=\"https:\/\/3.bp.blogspot.com\/-ESNCH0kX7kw\/XNAQaDsDmQI\/AAAAAAAAAqc\/9ue4Hy6FUAQoLqOT8zEVcfhYbghmTowfACLcBGAs\/s1600\/IMG_20190412_092010.jpg\" data-blogger-escaped-style=\"margin-left: 1em; margin-right: 1em; text-align: center;\"><img loading=\"lazy\" decoding=\"async\" src=\"https:\/\/3.bp.blogspot.com\/-ESNCH0kX7kw\/XNAQaDsDmQI\/AAAAAAAAAqc\/9ue4Hy6FUAQoLqOT8zEVcfhYbghmTowfACLcBGAs\/s400\/IMG_20190412_092010.jpg\" width=\"400\" height=\"298\" border=\"0\" data-blogger-escaped-data-original-height=\"1197\" data-blogger-escaped-data-original-width=\"1600\" \/><\/a><\/div>\n<div>\n<div>\n<div data-blogger-escaped-style=\"text-align: justify;\">\n<p>El alumnado de 4\u00ba a 6\u00ba intervino en unos juegos de orientaci\u00f3n y pistas dirigidas por el profe de\u00a0 Ed. F\u00edsica, Carlos, en d\u00f3nde nuestros \/as ni\u00f1os\/as ten\u00edan la misi\u00f3n de\u00a0 encontrar el escondite secreto\u00a0 de los huevos de Pascua, realizados previamente en clase de Ed. Art\u00edstica.Todo llevado a cabo en ingl\u00e9s &#8220;of course&#8221; y contando con la colaboraci\u00f3n de Madison, nuestra auxiliar de conversaci\u00f3n procedente de Nueva York.<\/p>\n<\/div>\n<div data-blogger-escaped-style=\"text-align: justify;\"><a href=\"https:\/\/3.bp.blogspot.com\/-Sz7qaGGHEaY\/XNAM5YqiKoI\/AAAAAAAAApo\/mAzJex_vZ5ED7pGGhSHnIwXoTnehZMXwgCLcBGAs\/s1600\/IMG_20190412_093109.jpg\" data-blogger-escaped-style=\"margin-left: 1em; margin-right: 1em;\"><img loading=\"lazy\" decoding=\"async\" src=\"https:\/\/3.bp.blogspot.com\/-Sz7qaGGHEaY\/XNAM5YqiKoI\/AAAAAAAAApo\/mAzJex_vZ5ED7pGGhSHnIwXoTnehZMXwgCLcBGAs\/s400\/IMG_20190412_093109.jpg\" width=\"400\" height=\"298\" border=\"0\" data-blogger-escaped-data-original-height=\"1197\" data-blogger-escaped-data-original-width=\"1600\" \/><\/a><\/div>\n<\/div>\n<\/div>\n<div><\/div>\n<div>\n<div>\n<p>Como recompensa por el esfuerzo realizado, nuestros alumnado fue premiado, recibiendo\u00a0 el t\u00edpico huevo de chocolate de Pascua.<\/p>\n<p><a href=\"https:\/\/1.bp.blogspot.com\/-i_fwS3uHVjY\/XMbSRoZXdzI\/AAAAAAAAAlg\/WCLkq-QN5DEsGAjYgJQl6VEDklf_r3pmwCLcBGAs\/s1600\/DSC_1615.JPG\" data-blogger-escaped-style=\"margin-left: 1em; margin-right: 1em; text-align: center;\"><img loading=\"lazy\" decoding=\"async\" src=\"https:\/\/1.bp.blogspot.com\/-i_fwS3uHVjY\/XMbSRoZXdzI\/AAAAAAAAAlg\/WCLkq-QN5DEsGAjYgJQl6VEDklf_r3pmwCLcBGAs\/s640\/DSC_1615.JPG\" width=\"640\" height=\"358\" border=\"0\" data-blogger-escaped-data-original-height=\"903\" data-blogger-escaped-data-original-width=\"1600\" \/><\/a><\/p>\n<\/div>\n<\/div>\n<div>\n<div><\/div>\n<div>\n<div data-blogger-escaped-style=\"text-align: justify;\">\n<p>El alumnado de Primer y Tercer ciclo particip\u00f3 conjuntamente en una actividad interciclos, en la que los ni\u00f1os\/as de 5\u00ba,\u00a0 dirigidos por el profe de ingl\u00e9s Juan Francisco, representaron a los alumnos de Primer ciclo, un teatro en ingl\u00e9s\u00a0 referente a la tem\u00e1tica de Easter. Posteriormente, se llev\u00f3 a cabo un taller de\u00a0 comprensi\u00f3n oral y escrita en ingl\u00e9s sobre la obra vista, con material y fichas elaborados por los propios ni\u00f1os\/as de sexto para sus compa\u00f1eros\/as m\u00e1s peque\u00f1os. Gracias a esta actividad nuestro alumnado de Primaria, adem\u00e1s de aprender, interactuaron, cantaron y bailaron con los personajes de la obra y se lo pasaron &#8220;en grande&#8221;.<\/p>\n<p>&nbsp;<\/p>\n<p><a href=\"https:\/\/2.bp.blogspot.com\/-lgilqhyZuYI\/XMbVwDvJfcI\/AAAAAAAAAm0\/HMZcdt7WWBIf18WEcfKp2cOMRv4JAJH_ACLcBGAs\/s1600\/DSC_1571%2B%25281%2529.JPG\" data-blogger-escaped-style=\"margin-left: 1em; margin-right: 1em;\"><img loading=\"lazy\" decoding=\"async\" src=\"https:\/\/2.bp.blogspot.com\/-lgilqhyZuYI\/XMbVwDvJfcI\/AAAAAAAAAm0\/HMZcdt7WWBIf18WEcfKp2cOMRv4JAJH_ACLcBGAs\/s400\/DSC_1571%2B%25281%2529.JPG\" width=\"400\" height=\"225\" border=\"0\" data-blogger-escaped-data-original-height=\"903\" data-blogger-escaped-data-original-width=\"1600\" \/><\/a><\/p>\n<p><a href=\"https:\/\/4.bp.blogspot.com\/-B9axscFQneA\/XMbV00m4NEI\/AAAAAAAAAm4\/JgmWawozhBkHhHcZ3ngji2erJkeVy-MpwCLcBGAs\/s1600\/DSC_1568.JPG\" data-blogger-escaped-style=\"margin-left: 1em; margin-right: 1em;\"><img loading=\"lazy\" decoding=\"async\" src=\"https:\/\/4.bp.blogspot.com\/-B9axscFQneA\/XMbV00m4NEI\/AAAAAAAAAm4\/JgmWawozhBkHhHcZ3ngji2erJkeVy-MpwCLcBGAs\/s400\/DSC_1568.JPG\" width=\"400\" height=\"225\" border=\"0\" data-blogger-escaped-data-original-height=\"903\" data-blogger-escaped-data-original-width=\"1600\" \/><\/a><\/p>\n<\/div>\n<div data-blogger-escaped-style=\"text-align: justify;\">\n<p>&nbsp;<\/p>\n<\/div>\n<\/div>\n<\/div>\n<div>\n<div><\/div>\n<div>\n<div data-blogger-escaped-style=\"text-align: justify;\">\n<p>En las clases de Ed. Art\u00edstica, fabricamos caretas, felpas de conejos\u00a0 y preciosos huevos de Pascua y cestitas para usar en los juegos de la gymkhana\u00a0 y adornar nuestras clases.<\/p>\n<p>&nbsp;<\/p>\n<p><a href=\"https:\/\/1.bp.blogspot.com\/-NtnqDfzy1z8\/XMrDDc-AGnI\/AAAAAAAAAog\/sO2a_wAVlXck6CpEPQA3eB-mEw4EdUiegCLcBGAs\/s1600\/DSC_1668.JPG\" data-blogger-escaped-style=\"margin-left: 1em; margin-right: 1em;\"><img loading=\"lazy\" decoding=\"async\" src=\"https:\/\/1.bp.blogspot.com\/-NtnqDfzy1z8\/XMrDDc-AGnI\/AAAAAAAAAog\/sO2a_wAVlXck6CpEPQA3eB-mEw4EdUiegCLcBGAs\/s640\/DSC_1668.JPG\" width=\"640\" height=\"360\" border=\"0\" data-blogger-escaped-data-original-height=\"903\" data-blogger-escaped-data-original-width=\"1600\" \/><\/a><\/p>\n<div><\/div>\n<div>\n<div data-blogger-escaped-style=\"text-align: justify;\">\n<p>Nuestros peques de Ed. Infantil\u00a0 aportaron\u00a0 un\u00a0 toque de alegr\u00eda y color al cole decorando nuestros jardines y arbolitos con bonitos huevos de Pascua, realizados en sus clases con sus tutoras y se\u00f1o de ingl\u00e9s.<\/p>\n<div><\/div>\n<\/div>\n<div data-blogger-escaped-style=\"text-align: justify;\"><a href=\"https:\/\/1.bp.blogspot.com\/-ItTa0Gq1ZTU\/XNAKsbpKnhI\/AAAAAAAAApE\/iIqGVZTCZe8KatPwoTAlRLwt3BIETqLLwCLcBGAs\/s1600\/IMG-20190410-WA0010.jpg\" data-blogger-escaped-style=\"margin-left: 1em; margin-right: 1em;\"><img loading=\"lazy\" decoding=\"async\" src=\"https:\/\/1.bp.blogspot.com\/-ItTa0Gq1ZTU\/XNAKsbpKnhI\/AAAAAAAAApE\/iIqGVZTCZe8KatPwoTAlRLwt3BIETqLLwCLcBGAs\/s400\/IMG-20190410-WA0010.jpg\" width=\"300\" height=\"400\" border=\"0\" data-blogger-escaped-data-original-height=\"1600\" data-blogger-escaped-data-original-width=\"1200\" \/><\/a><\/div>\n<div data-blogger-escaped-style=\"text-align: justify;\"><\/div>\n<div data-blogger-escaped-style=\"text-align: justify;\"><a href=\"https:\/\/2.bp.blogspot.com\/-3r_zj46SDOs\/XNAKuQXQDuI\/AAAAAAAAApI\/GhovwkXNShchTyZzOXmwQrjKLJokTrw1QCLcBGAs\/s1600\/IMG-20190410-WA0014.jpg\" data-blogger-escaped-style=\"margin-left: 1em; margin-right: 1em;\"><img loading=\"lazy\" decoding=\"async\" src=\"https:\/\/2.bp.blogspot.com\/-3r_zj46SDOs\/XNAKuQXQDuI\/AAAAAAAAApI\/GhovwkXNShchTyZzOXmwQrjKLJokTrw1QCLcBGAs\/s400\/IMG-20190410-WA0014.jpg\" width=\"400\" height=\"300\" border=\"0\" data-blogger-escaped-data-original-height=\"1200\" data-blogger-escaped-data-original-width=\"1600\" \/><\/a><\/div>\n<\/div>\n<\/div>\n<\/div>\n<\/div>\n<\/div>\n<\/div>\n","protected":false},"excerpt":{"rendered":"<p>La semana previa a las vacaciones de Semana Santa, celebramos, como ya es habitual en nuestro cole,\u00a0 la festividad de Easter. En esta ocasi\u00f3n, el profesorado del equipo biling\u00fce (ingl\u00e9s, science, pl\u00e1stica, ed.F\u00edsica y&#46;&#46;&#46;<\/p>\n","protected":false},"author":1124,"featured_media":0,"comment_status":"closed","ping_status":"open","sticky":false,"template":"","format":"standard","meta":{"ngg_post_thumbnail":0,"footnotes":""},"categories":[946,796323],"tags":[],"aioseo_notices":[],"_links":{"self":[{"href":"https:\/\/blogsaverroes.juntadeandalucia.es\/plurilinguismodelegacionmalaga\/wp-json\/wp\/v2\/posts\/8042"}],"collection":[{"href":"https:\/\/blogsaverroes.juntadeandalucia.es\/plurilinguismodelegacionmalaga\/wp-json\/wp\/v2\/posts"}],"about":[{"href":"https:\/\/blogsaverroes.juntadeandalucia.es\/plurilinguismodelegacionmalaga\/wp-json\/wp\/v2\/types\/post"}],"author":[{"embeddable":true,"href":"https:\/\/blogsaverroes.juntadeandalucia.es\/plurilinguismodelegacionmalaga\/wp-json\/wp\/v2\/users\/1124"}],"replies":[{"embeddable":true,"href":"https:\/\/blogsaverroes.juntadeandalucia.es\/plurilinguismodelegacionmalaga\/wp-json\/wp\/v2\/comments?post=8042"}],"version-history":[{"count":0,"href":"https:\/\/blogsaverroes.juntadeandalucia.es\/plurilinguismodelegacionmalaga\/wp-json\/wp\/v2\/posts\/8042\/revisions"}],"wp:attachment":[{"href":"https:\/\/blogsaverroes.juntadeandalucia.es\/plurilinguismodelegacionmalaga\/wp-json\/wp\/v2\/media?parent=8042"}],"wp:term":[{"taxonomy":"category","embeddable":true,"href":"https:\/\/blogsaverroes.juntadeandalucia.es\/plurilinguismodelegacionmalaga\/wp-json\/wp\/v2\/categories?post=8042"},{"taxonomy":"post_tag","embeddable":true,"href":"https:\/\/blogsaverroes.juntadeandalucia.es\/plurilinguismodelegacionmalaga\/wp-json\/wp\/v2\/tags?post=8042"}],"curies":[{"name":"wp","href":"https:\/\/api.w.org\/{rel}","templated":true}]}}