{"id":809,"date":"2011-09-02T08:00:24","date_gmt":"2011-09-02T07:00:24","guid":{"rendered":"http:\/\/www.educacionenmalaga.es\/bilinguismo\/?p=809"},"modified":"2011-09-02T08:00:24","modified_gmt":"2011-09-02T07:00:24","slug":"novedades-septiembre-programas-europeos","status":"publish","type":"post","link":"https:\/\/blogsaverroes.juntadeandalucia.es\/plurilinguismodelegacionmalaga\/2011\/09\/02\/novedades-septiembre-programas-europeos\/","title":{"rendered":"Novedades Septiembre Programas Europeos"},"content":{"rendered":"<p><a rel=\"attachment wp-att-649\" href=\"http:\/\/www.educacionenmalaga.es\/bilinguismo\/2011\/06\/08\/resolucion-convocatoria-de-programas-europeos-de-educacion-2011-centros-de-acogida-de-ayudantes-comenius\/plurilinguismo-2\/\"><img loading=\"lazy\" decoding=\"async\" class=\"alignleft size-full wp-image-649\" title=\"Plurilinguismo\" src=\"https:\/\/blogsaverroes.juntadeandalucia.es\/plurilinguismodelegacionmalaga\/files\/2011\/06\/Plurilinguismo.jpeg\" alt=\"\" width=\"160\" height=\"120\" \/><\/a>La <em>Consejer\u00eda de Educaci\u00f3n de la Junta de Andaluc\u00eda<\/em> ha publicado novedades en relaci\u00f3n a los <em>Programas Europeos Grundtvig y Comenius.<\/em><\/p>\n<h5><strong><!--more-->Ayudas Grundtvig<\/strong> para la <em>formaci\u00f3n continua del personal educativo de personas adultas <\/em>dentro del Programa de Aprendizaje Permanente. Cursos que se realicen entre el 1 de enero y el  30 de abril de 2012 (tramo 3\u00ba y \u00faltimo). Accede a <a href=\"http:\/\/www.ced.junta-andalucia.es\/nav\/navegacion.jsp?lista_canales=6\" target=\"_blank\" rel=\"noopener noreferrer\">orden y documentaci\u00f3n.<br \/>\n<\/a><a href=\"http:\/\/www.ced.junta-andalucia.es\/nav\/navegacion.jsp?lista_canales=6\"><\/a><\/h5>\n<h5><strong>Ayudas Comenius<\/strong> para la <em>formaci\u00f3n continua del personal educativo<\/em> dentro del Programa de Aprendizaje Permanente. Cursos que se realicen entre el 1 de enero y el  30 de abril de 2012 (tramo 3\u00ba y \u00faltimo). <a href=\"http:\/\/www.ced.junta-andalucia.es\/nav\/navegacion.jsp?lista_canales=6\" target=\"_blank\" rel=\"noopener noreferrer\">Acceder a orden y documentaci\u00f3n necesaria.<br \/>\n<\/a><a href=\"http:\/\/www.ced.junta-andalucia.es\/nav\/navegacion.jsp?lista_canales=6\"><\/a><\/h5>\n<p>&nbsp;<\/p>\n","protected":false},"excerpt":{"rendered":"<p>La Consejer\u00eda de Educaci\u00f3n de la Junta de Andaluc\u00eda ha publicado novedades en relaci\u00f3n a los Programas Europeos Grundtvig y Comenius.<\/p>\n","protected":false},"author":1124,"featured_media":0,"comment_status":"open","ping_status":"open","sticky":false,"template":"","format":"standard","meta":{"ngg_post_thumbnail":0,"footnotes":""},"categories":[2134355],"tags":[],"aioseo_notices":[],"_links":{"self":[{"href":"https:\/\/blogsaverroes.juntadeandalucia.es\/plurilinguismodelegacionmalaga\/wp-json\/wp\/v2\/posts\/809"}],"collection":[{"href":"https:\/\/blogsaverroes.juntadeandalucia.es\/plurilinguismodelegacionmalaga\/wp-json\/wp\/v2\/posts"}],"about":[{"href":"https:\/\/blogsaverroes.juntadeandalucia.es\/plurilinguismodelegacionmalaga\/wp-json\/wp\/v2\/types\/post"}],"author":[{"embeddable":true,"href":"https:\/\/blogsaverroes.juntadeandalucia.es\/plurilinguismodelegacionmalaga\/wp-json\/wp\/v2\/users\/1124"}],"replies":[{"embeddable":true,"href":"https:\/\/blogsaverroes.juntadeandalucia.es\/plurilinguismodelegacionmalaga\/wp-json\/wp\/v2\/comments?post=809"}],"version-history":[{"count":0,"href":"https:\/\/blogsaverroes.juntadeandalucia.es\/plurilinguismodelegacionmalaga\/wp-json\/wp\/v2\/posts\/809\/revisions"}],"wp:attachment":[{"href":"https:\/\/blogsaverroes.juntadeandalucia.es\/plurilinguismodelegacionmalaga\/wp-json\/wp\/v2\/media?parent=809"}],"wp:term":[{"taxonomy":"category","embeddable":true,"href":"https:\/\/blogsaverroes.juntadeandalucia.es\/plurilinguismodelegacionmalaga\/wp-json\/wp\/v2\/categories?post=809"},{"taxonomy":"post_tag","embeddable":true,"href":"https:\/\/blogsaverroes.juntadeandalucia.es\/plurilinguismodelegacionmalaga\/wp-json\/wp\/v2\/tags?post=809"}],"curies":[{"name":"wp","href":"https:\/\/api.w.org\/{rel}","templated":true}]}}