{"id":8195,"date":"2019-10-11T21:01:58","date_gmt":"2019-10-11T20:01:58","guid":{"rendered":"https:\/\/www.educacionenmalaga.es\/bilinguismo\/?p=8195"},"modified":"2019-10-11T21:01:58","modified_gmt":"2019-10-11T20:01:58","slug":"bachibac","status":"publish","type":"post","link":"https:\/\/blogsaverroes.juntadeandalucia.es\/plurilinguismodelegacionmalaga\/2019\/10\/11\/bachibac\/","title":{"rendered":"Bachibac"},"content":{"rendered":"<header>\n<h4 class=\"titulo\"><a href=\"https:\/\/blogsaverroes.juntadeandalucia.es\/plurilinguismodelegacionmalaga\/files\/2019\/10\/bachibac-1.jpeg\"><img loading=\"lazy\" decoding=\"async\" class=\"alignleft size-thumbnail wp-image-8198\" src=\"https:\/\/blogsaverroes.juntadeandalucia.es\/plurilinguismodelegacionmalaga\/files\/2019\/10\/bachibac-1-150x150.jpeg\" alt=\"\" width=\"150\" height=\"150\" srcset=\"https:\/\/blogsaverroes.juntadeandalucia.es\/plurilinguismodelegacionmalaga\/files\/2019\/10\/bachibac-1-150x150.jpeg 150w, https:\/\/blogsaverroes.juntadeandalucia.es\/plurilinguismodelegacionmalaga\/files\/2019\/10\/bachibac-1-100x100.jpeg 100w\" sizes=\"(max-width: 150px) 100vw, 150px\" \/><\/a><a href=\"http:\/\/www.juntadeandalucia.es\/educacion\/portals\/delegate\/content\/ee393ca7-5e9a-4a33-9651-947b897aa681\/Resoluci%C3%B3n%20Bachibac%20Andalucia_curso%2019_20\">Resoluci\u00f3n de 11 de octubre de 2019, de la Direcci\u00f3n General de Ordenaci\u00f3n y Evaluaci\u00f3n Educativa, por la que se concretan aspectos relativos a la prueba externa del programa de doble titulaci\u00f3n bachiller-baccalaureat correspondiente al curso 2019\/2020 en la Comunidad Aut\u00f3noma de Andaluc\u00eda.<\/a><\/h4>\n<\/header>\n<div class=\"contenido_detalle\"><\/div>\n","protected":false},"excerpt":{"rendered":"<p>Resoluci\u00f3n de 11 de octubre de 2019, de la Direcci\u00f3n General de Ordenaci\u00f3n y Evaluaci\u00f3n Educativa, por la que se concretan aspectos relativos a la prueba externa del programa de doble titulaci\u00f3n bachiller-baccalaureat correspondiente&#46;&#46;&#46;<\/p>\n","protected":false},"author":1124,"featured_media":0,"comment_status":"closed","ping_status":"open","sticky":false,"template":"","format":"standard","meta":{"ngg_post_thumbnail":0,"footnotes":""},"categories":[2284639],"tags":[],"aioseo_notices":[],"_links":{"self":[{"href":"https:\/\/blogsaverroes.juntadeandalucia.es\/plurilinguismodelegacionmalaga\/wp-json\/wp\/v2\/posts\/8195"}],"collection":[{"href":"https:\/\/blogsaverroes.juntadeandalucia.es\/plurilinguismodelegacionmalaga\/wp-json\/wp\/v2\/posts"}],"about":[{"href":"https:\/\/blogsaverroes.juntadeandalucia.es\/plurilinguismodelegacionmalaga\/wp-json\/wp\/v2\/types\/post"}],"author":[{"embeddable":true,"href":"https:\/\/blogsaverroes.juntadeandalucia.es\/plurilinguismodelegacionmalaga\/wp-json\/wp\/v2\/users\/1124"}],"replies":[{"embeddable":true,"href":"https:\/\/blogsaverroes.juntadeandalucia.es\/plurilinguismodelegacionmalaga\/wp-json\/wp\/v2\/comments?post=8195"}],"version-history":[{"count":0,"href":"https:\/\/blogsaverroes.juntadeandalucia.es\/plurilinguismodelegacionmalaga\/wp-json\/wp\/v2\/posts\/8195\/revisions"}],"wp:attachment":[{"href":"https:\/\/blogsaverroes.juntadeandalucia.es\/plurilinguismodelegacionmalaga\/wp-json\/wp\/v2\/media?parent=8195"}],"wp:term":[{"taxonomy":"category","embeddable":true,"href":"https:\/\/blogsaverroes.juntadeandalucia.es\/plurilinguismodelegacionmalaga\/wp-json\/wp\/v2\/categories?post=8195"},{"taxonomy":"post_tag","embeddable":true,"href":"https:\/\/blogsaverroes.juntadeandalucia.es\/plurilinguismodelegacionmalaga\/wp-json\/wp\/v2\/tags?post=8195"}],"curies":[{"name":"wp","href":"https:\/\/api.w.org\/{rel}","templated":true}]}}