{"id":8507,"date":"2020-02-05T09:56:42","date_gmt":"2020-02-05T08:56:42","guid":{"rendered":"https:\/\/blogsaverroes.juntadeandalucia.es\/plurilinguismodelegacionmalaga\/?p=8507"},"modified":"2020-03-04T12:50:03","modified_gmt":"2020-03-04T11:50:03","slug":"formacion-para-examinador-corrector-de-delf","status":"publish","type":"post","link":"https:\/\/blogsaverroes.juntadeandalucia.es\/plurilinguismodelegacionmalaga\/2020\/02\/05\/formacion-para-examinador-corrector-de-delf\/","title":{"rendered":"Formaci\u00f3n para examinador-corrector de DELF"},"content":{"rendered":"<h3 class=\"title\">Esta formaci\u00f3n est\u00e1 dise\u00f1ada para habilitar como examinadores y correctores de DELF a docentes de IES, Colegios Concertados y CEIP (primaria) para los niveles A1, A2, B1 y B2.<\/h3>\n<p>Tendr\u00e1 lugar en C\u00e1diz&nbsp; los d\u00edas 13-14 y 20-21 de marzo.<\/p>\n<p>Es una formaci\u00f3n reconocida por la Consejer\u00eda de Educaci\u00f3n y Deporte.<\/p>\n<p>Para m\u00e1s informaci\u00f3n:<\/p>\n<blockquote class=\"wp-embedded-content\" data-secret=\"59ijlXUonI\"><p><a href=\"https:\/\/www.alianzafrancesamalaga.es\/curso\/formacion-para-examinador-corrector-de-delf\/\">Formaci\u00f3n para examinador-corrector de DELF<\/a><\/p><\/blockquote>\n<p><iframe title=\"&#171;Formaci\u00f3n para examinador-corrector de DELF&#187; &#8212; Alianza Francesa de M\u00e1laga\" class=\"wp-embedded-content\" sandbox=\"allow-scripts\" security=\"restricted\" style=\"position: absolute; clip: rect(1px, 1px, 1px, 1px);\" src=\"https:\/\/www.alianzafrancesamalaga.es\/curso\/formacion-para-examinador-corrector-de-delf\/embed\/#?secret=59ijlXUonI\" data-secret=\"59ijlXUonI\" width=\"500\" height=\"282\" frameborder=\"0\" marginwidth=\"0\" marginheight=\"0\" scrolling=\"no\"><\/iframe><\/p>\n<p><img loading=\"lazy\" decoding=\"async\" class=\"alignnone size-full wp-image-8532\" src=\"https:\/\/blogsaverroes.juntadeandalucia.es\/plurilinguismodelegacionmalaga\/files\/2020\/02\/sdfsd.png\" alt=\"\" width=\"291\" height=\"214\" srcset=\"https:\/\/blogsaverroes.juntadeandalucia.es\/plurilinguismodelegacionmalaga\/files\/2020\/02\/sdfsd.png 291w, https:\/\/blogsaverroes.juntadeandalucia.es\/plurilinguismodelegacionmalaga\/files\/2020\/02\/sdfsd-24x18.png 24w, https:\/\/blogsaverroes.juntadeandalucia.es\/plurilinguismodelegacionmalaga\/files\/2020\/02\/sdfsd-36x26.png 36w, https:\/\/blogsaverroes.juntadeandalucia.es\/plurilinguismodelegacionmalaga\/files\/2020\/02\/sdfsd-48x35.png 48w\" sizes=\"(max-width: 291px) 100vw, 291px\" \/><\/p>\n","protected":false},"excerpt":{"rendered":"<p>Esta formaci\u00f3n est\u00e1 dise\u00f1ada para habilitar como examinadores y correctores de DELF a docentes de IES, Colegios Concertados y CEIP (primaria) para los niveles A1, A2, B1 y B2. Tendr\u00e1 lugar en C\u00e1diz&nbsp; los&#46;&#46;&#46;<\/p>\n","protected":false},"author":8062,"featured_media":8532,"comment_status":"open","ping_status":"open","sticky":false,"template":"","format":"standard","meta":{"ngg_post_thumbnail":0,"footnotes":""},"categories":[11909],"tags":[],"aioseo_notices":[],"_links":{"self":[{"href":"https:\/\/blogsaverroes.juntadeandalucia.es\/plurilinguismodelegacionmalaga\/wp-json\/wp\/v2\/posts\/8507"}],"collection":[{"href":"https:\/\/blogsaverroes.juntadeandalucia.es\/plurilinguismodelegacionmalaga\/wp-json\/wp\/v2\/posts"}],"about":[{"href":"https:\/\/blogsaverroes.juntadeandalucia.es\/plurilinguismodelegacionmalaga\/wp-json\/wp\/v2\/types\/post"}],"author":[{"embeddable":true,"href":"https:\/\/blogsaverroes.juntadeandalucia.es\/plurilinguismodelegacionmalaga\/wp-json\/wp\/v2\/users\/8062"}],"replies":[{"embeddable":true,"href":"https:\/\/blogsaverroes.juntadeandalucia.es\/plurilinguismodelegacionmalaga\/wp-json\/wp\/v2\/comments?post=8507"}],"version-history":[{"count":3,"href":"https:\/\/blogsaverroes.juntadeandalucia.es\/plurilinguismodelegacionmalaga\/wp-json\/wp\/v2\/posts\/8507\/revisions"}],"predecessor-version":[{"id":8533,"href":"https:\/\/blogsaverroes.juntadeandalucia.es\/plurilinguismodelegacionmalaga\/wp-json\/wp\/v2\/posts\/8507\/revisions\/8533"}],"wp:featuredmedia":[{"embeddable":true,"href":"https:\/\/blogsaverroes.juntadeandalucia.es\/plurilinguismodelegacionmalaga\/wp-json\/wp\/v2\/media\/8532"}],"wp:attachment":[{"href":"https:\/\/blogsaverroes.juntadeandalucia.es\/plurilinguismodelegacionmalaga\/wp-json\/wp\/v2\/media?parent=8507"}],"wp:term":[{"taxonomy":"category","embeddable":true,"href":"https:\/\/blogsaverroes.juntadeandalucia.es\/plurilinguismodelegacionmalaga\/wp-json\/wp\/v2\/categories?post=8507"},{"taxonomy":"post_tag","embeddable":true,"href":"https:\/\/blogsaverroes.juntadeandalucia.es\/plurilinguismodelegacionmalaga\/wp-json\/wp\/v2\/tags?post=8507"}],"curies":[{"name":"wp","href":"https:\/\/api.w.org\/{rel}","templated":true}]}}