{"id":8550,"date":"2020-03-08T16:06:46","date_gmt":"2020-03-08T15:06:46","guid":{"rendered":"https:\/\/blogsaverroes.juntadeandalucia.es\/plurilinguismodelegacionmalaga\/?p=8550"},"modified":"2020-03-09T11:18:20","modified_gmt":"2020-03-09T10:18:20","slug":"becas-de-verano-2020-para-profesores-y-futuros-profesores-de-frances","status":"publish","type":"post","link":"https:\/\/blogsaverroes.juntadeandalucia.es\/plurilinguismodelegacionmalaga\/2020\/03\/08\/becas-de-verano-2020-para-profesores-y-futuros-profesores-de-frances\/","title":{"rendered":"Becas de verano 2020 para profesores y futuros profesores de\u00a0franc\u00e9s"},"content":{"rendered":"<p><img loading=\"lazy\" decoding=\"async\" class=\"alignleft\" src=\"https:\/\/blog.liveandlearn.mx\/wp-content\/uploads\/2018\/08\/viajar-a-francia.jpg\" alt=\"Resultado de imagen de francia\" width=\"287\" height=\"143\">El organismo WALLONIE BRUXELLES INTERNATIONAL (WBI) ofrece 6 becas de verano 2020 para profesores y futuros profesores de <a class=\"_58cn\" href=\"https:\/\/www.facebook.com\/hashtag\/franc%C3%A9s?source=feed_text&amp;epa=HASHTAG&amp;__xts__%5B0%5D=68.ARCXqFpf338m0JWXplENCV6Zrqp2uMwRFVtjWa5QYoJPofHZkY4OH5ikM4FuS-LoyEwvyBdj9B8JdXfQ1_9eNJVHCTz9e3kHLDHSBzZxBsfh5bhzrEjZkdLXPK4tzpRIoAhUzB8Lr0oAkePDJzt7i517YlSPfPBWeXdrFfmxv-TLj5geJ2-Ok1_9VYCPoB69qcXPlKcw_aiP5NDT7DX89moi8k7FnPDEouDTtlBpkrIrqZ-OORPkQ9gHqjCv7cm0rDScgW9FP1l-fQDG9khvs-l1LRYjUFVCuYEF_OrARh8jLoVQD8J7N0uWrTPQQqUeGalzfdyk0MN7c1A4SMCLyv0&amp;__tn__=%2ANK-R\" data-ft=\"{&quot;type&quot;:104,&quot;tn&quot;:&quot;*N&quot;}\"><span class=\"_5afx\"><span class=\"_58cm\">franc\u00e9s<\/span><\/span><\/a>:<\/p>\n<p>1. Tres (3) becas para (futuros) profesores de franc\u00e9s lengua<br \/>\nextranjera (Stage international d\u2019\u00e9t\u00e9 en didactique du FLE) en la<br \/>\nUniversidad Cat\u00f3lica de Louvain-la-Neuve (del 27\/07\/2020 al 14\/08\/20)<span class=\"text_exposed_show\"><br \/>\ny<br \/>\n2. Tres (3) becas para (futuros) profesores de franc\u00e9s lengua<br \/>\nextranjera (Stage pour (futurs) professeurs de fran\u00e7ais langue<br \/>\n\u00e9trang\u00e8re&nbsp;<a class=\"_58cn\" href=\"https:\/\/www.facebook.com\/hashtag\/fle?source=feed_text&amp;epa=HASHTAG&amp;__xts__%5B0%5D=68.ARCXqFpf338m0JWXplENCV6Zrqp2uMwRFVtjWa5QYoJPofHZkY4OH5ikM4FuS-LoyEwvyBdj9B8JdXfQ1_9eNJVHCTz9e3kHLDHSBzZxBsfh5bhzrEjZkdLXPK4tzpRIoAhUzB8Lr0oAkePDJzt7i517YlSPfPBWeXdrFfmxv-TLj5geJ2-Ok1_9VYCPoB69qcXPlKcw_aiP5NDT7DX89moi8k7FnPDEouDTtlBpkrIrqZ-OORPkQ9gHqjCv7cm0rDScgW9FP1l-fQDG9khvs-l1LRYjUFVCuYEF_OrARh8jLoVQD8J7N0uWrTPQQqUeGalzfdyk0MN7c1A4SMCLyv0&amp;__tn__=%2ANK-R\" data-ft=\"{&quot;type&quot;:104,&quot;tn&quot;:&quot;*N&quot;}\"><span class=\"_5afx\"><span class=\"_58cl _5afz\" aria-label=\"hashtag\">#<\/span><span class=\"_58cm\">FLE<\/span><\/span><\/a>) en la Universidad de Lieja (del 03\/08\/2020 al 21\/08\/2020).<\/span><\/p>\n<div class=\"text_exposed_show\">\n<p>Los candidatos deben de ser espa\u00f1oles que est\u00e9n estudiando o que hayan estudiado en Espa\u00f1a.<br \/>\nPara conocer todas las condiciones y conseguir los formularios de esta convocatoria los interesados pueden enviar un correo electr\u00f3nico a la atenci\u00f3n del Sr. Didier Denayer, Consejero Econ\u00f3mico y Comercial \/ Representante de Valonia Bruselas Internacional, a: <a class=\"moz-txt-link-abbreviated\" href=\"mailto:info-madrid@awex-wallonia.com\">info-madrid@awex-wallonia.com<\/a><\/p>\n<p>La fecha l\u00edmite para la entrega de las solicitudes ser\u00e1 el 26 de marzo de 2020.<\/p>\n<\/div>\n","protected":false},"excerpt":{"rendered":"<p>El organismo WALLONIE BRUXELLES INTERNATIONAL (WBI) ofrece 6 becas de verano 2020 para profesores y futuros profesores de franc\u00e9s: 1. Tres (3) becas para (futuros) profesores de franc\u00e9s lengua extranjera (Stage international d\u2019\u00e9t\u00e9 en&#46;&#46;&#46;<\/p>\n","protected":false},"author":8062,"featured_media":8558,"comment_status":"open","ping_status":"open","sticky":false,"template":"","format":"standard","meta":{"ngg_post_thumbnail":0,"footnotes":""},"categories":[11909],"tags":[2284874],"aioseo_notices":[],"_links":{"self":[{"href":"https:\/\/blogsaverroes.juntadeandalucia.es\/plurilinguismodelegacionmalaga\/wp-json\/wp\/v2\/posts\/8550"}],"collection":[{"href":"https:\/\/blogsaverroes.juntadeandalucia.es\/plurilinguismodelegacionmalaga\/wp-json\/wp\/v2\/posts"}],"about":[{"href":"https:\/\/blogsaverroes.juntadeandalucia.es\/plurilinguismodelegacionmalaga\/wp-json\/wp\/v2\/types\/post"}],"author":[{"embeddable":true,"href":"https:\/\/blogsaverroes.juntadeandalucia.es\/plurilinguismodelegacionmalaga\/wp-json\/wp\/v2\/users\/8062"}],"replies":[{"embeddable":true,"href":"https:\/\/blogsaverroes.juntadeandalucia.es\/plurilinguismodelegacionmalaga\/wp-json\/wp\/v2\/comments?post=8550"}],"version-history":[{"count":1,"href":"https:\/\/blogsaverroes.juntadeandalucia.es\/plurilinguismodelegacionmalaga\/wp-json\/wp\/v2\/posts\/8550\/revisions"}],"predecessor-version":[{"id":8551,"href":"https:\/\/blogsaverroes.juntadeandalucia.es\/plurilinguismodelegacionmalaga\/wp-json\/wp\/v2\/posts\/8550\/revisions\/8551"}],"wp:featuredmedia":[{"embeddable":true,"href":"https:\/\/blogsaverroes.juntadeandalucia.es\/plurilinguismodelegacionmalaga\/wp-json\/wp\/v2\/media\/8558"}],"wp:attachment":[{"href":"https:\/\/blogsaverroes.juntadeandalucia.es\/plurilinguismodelegacionmalaga\/wp-json\/wp\/v2\/media?parent=8550"}],"wp:term":[{"taxonomy":"category","embeddable":true,"href":"https:\/\/blogsaverroes.juntadeandalucia.es\/plurilinguismodelegacionmalaga\/wp-json\/wp\/v2\/categories?post=8550"},{"taxonomy":"post_tag","embeddable":true,"href":"https:\/\/blogsaverroes.juntadeandalucia.es\/plurilinguismodelegacionmalaga\/wp-json\/wp\/v2\/tags?post=8550"}],"curies":[{"name":"wp","href":"https:\/\/api.w.org\/{rel}","templated":true}]}}