{"id":8706,"date":"2020-05-20T00:17:29","date_gmt":"2020-05-19T22:17:29","guid":{"rendered":"https:\/\/blogsaverroes.juntadeandalucia.es\/plurilinguismodelegacionmalaga\/?p=8706"},"modified":"2020-05-20T22:46:37","modified_gmt":"2020-05-20T20:46:37","slug":"resolucion-sobre-bachiller-baccalaureat","status":"publish","type":"post","link":"https:\/\/blogsaverroes.juntadeandalucia.es\/plurilinguismodelegacionmalaga\/2020\/05\/20\/resolucion-sobre-bachiller-baccalaureat\/","title":{"rendered":"Resoluci\u00f3n sobre Bachiller-Baccalaur\u00e9at"},"content":{"rendered":"<p><a href=\"https:\/\/www.juntadeandalucia.es\/educacion\/portals\/delegate\/content\/5dce9b47-5134-4c68-a2a8-8d1a1ea5e8b7\/Resoluci%C3%B3n%20prueba%20doble%20titulaci%C3%B3n%20Bachiller-Baccalaur%C3%A9at\"><img loading=\"lazy\" decoding=\"async\" class=\" wp-image-8678 alignleft\" src=\"https:\/\/blogsaverroes.juntadeandalucia.es\/plurilinguismodelegacionmalaga\/files\/2020\/05\/bachibac.png\" alt=\"\" width=\"340\" height=\"151\" srcset=\"https:\/\/blogsaverroes.juntadeandalucia.es\/plurilinguismodelegacionmalaga\/files\/2020\/05\/bachibac.png 600w, https:\/\/blogsaverroes.juntadeandalucia.es\/plurilinguismodelegacionmalaga\/files\/2020\/05\/bachibac-300x133.png 300w, https:\/\/blogsaverroes.juntadeandalucia.es\/plurilinguismodelegacionmalaga\/files\/2020\/05\/bachibac-24x11.png 24w, https:\/\/blogsaverroes.juntadeandalucia.es\/plurilinguismodelegacionmalaga\/files\/2020\/05\/bachibac-36x16.png 36w, https:\/\/blogsaverroes.juntadeandalucia.es\/plurilinguismodelegacionmalaga\/files\/2020\/05\/bachibac-48x21.png 48w\" sizes=\"(max-width: 340px) 100vw, 340px\" \/>RESOLUCI\u00d3N DE 18 DE MAYO DE 2020, DE LA DIRECCI\u00d3N GENERAL DE ORDENACI\u00d3N Y EVALUACI\u00d3N EDUCATIVA, POR LA QUE SE DEJA SIN EFECTO LA RESOLUCI\u00d3N DE 11 DE OCTUBRE DE 2019, DE LA DIRECCI\u00d3N GENERAL DE ORDENACI\u00d3N Y EVALUACI\u00d3N EDUCATIVA, POR LA QUE SE CONCRETAN ASPECTOS RELATIVOS A LA PRUEBA EXTERNA DEL PROGRAMA DE DOBLE TITULACI\u00d3N CORRESPONDIENTE AL CURSO 2019\/2020 EN LA COMUNIDAD AUT\u00d3NOMA DE ANDALUC\u00cdA.<\/a><\/p>\n","protected":false},"excerpt":{"rendered":"<p>RESOLUCI\u00d3N DE 18 DE MAYO DE 2020, DE LA DIRECCI\u00d3N GENERAL DE ORDENACI\u00d3N Y EVALUACI\u00d3N EDUCATIVA, POR LA QUE SE DEJA SIN EFECTO LA RESOLUCI\u00d3N DE 11 DE OCTUBRE DE 2019, DE LA DIRECCI\u00d3N&#46;&#46;&#46;<\/p>\n","protected":false},"author":8062,"featured_media":8678,"comment_status":"open","ping_status":"open","sticky":false,"template":"","format":"standard","meta":{"ngg_post_thumbnail":0,"footnotes":""},"categories":[11909],"tags":[],"aioseo_notices":[],"_links":{"self":[{"href":"https:\/\/blogsaverroes.juntadeandalucia.es\/plurilinguismodelegacionmalaga\/wp-json\/wp\/v2\/posts\/8706"}],"collection":[{"href":"https:\/\/blogsaverroes.juntadeandalucia.es\/plurilinguismodelegacionmalaga\/wp-json\/wp\/v2\/posts"}],"about":[{"href":"https:\/\/blogsaverroes.juntadeandalucia.es\/plurilinguismodelegacionmalaga\/wp-json\/wp\/v2\/types\/post"}],"author":[{"embeddable":true,"href":"https:\/\/blogsaverroes.juntadeandalucia.es\/plurilinguismodelegacionmalaga\/wp-json\/wp\/v2\/users\/8062"}],"replies":[{"embeddable":true,"href":"https:\/\/blogsaverroes.juntadeandalucia.es\/plurilinguismodelegacionmalaga\/wp-json\/wp\/v2\/comments?post=8706"}],"version-history":[{"count":1,"href":"https:\/\/blogsaverroes.juntadeandalucia.es\/plurilinguismodelegacionmalaga\/wp-json\/wp\/v2\/posts\/8706\/revisions"}],"predecessor-version":[{"id":8707,"href":"https:\/\/blogsaverroes.juntadeandalucia.es\/plurilinguismodelegacionmalaga\/wp-json\/wp\/v2\/posts\/8706\/revisions\/8707"}],"wp:featuredmedia":[{"embeddable":true,"href":"https:\/\/blogsaverroes.juntadeandalucia.es\/plurilinguismodelegacionmalaga\/wp-json\/wp\/v2\/media\/8678"}],"wp:attachment":[{"href":"https:\/\/blogsaverroes.juntadeandalucia.es\/plurilinguismodelegacionmalaga\/wp-json\/wp\/v2\/media?parent=8706"}],"wp:term":[{"taxonomy":"category","embeddable":true,"href":"https:\/\/blogsaverroes.juntadeandalucia.es\/plurilinguismodelegacionmalaga\/wp-json\/wp\/v2\/categories?post=8706"},{"taxonomy":"post_tag","embeddable":true,"href":"https:\/\/blogsaverroes.juntadeandalucia.es\/plurilinguismodelegacionmalaga\/wp-json\/wp\/v2\/tags?post=8706"}],"curies":[{"name":"wp","href":"https:\/\/api.w.org\/{rel}","templated":true}]}}