{"id":8726,"date":"2020-06-08T17:51:32","date_gmt":"2020-06-08T15:51:32","guid":{"rendered":"https:\/\/blogsaverroes.juntadeandalucia.es\/plurilinguismodelegacionmalaga\/?p=8726"},"modified":"2020-06-08T17:51:32","modified_gmt":"2020-06-08T15:51:32","slug":"instrucciones-plurilinguismo-2020-2021","status":"publish","type":"post","link":"https:\/\/blogsaverroes.juntadeandalucia.es\/plurilinguismodelegacionmalaga\/2020\/06\/08\/instrucciones-plurilinguismo-2020-2021\/","title":{"rendered":"Instrucciones pluriling\u00fcismo 2020-2021"},"content":{"rendered":"<p><img loading=\"lazy\" decoding=\"async\" class=\"size-full wp-image-8729 alignleft\" src=\"https:\/\/blogsaverroes.juntadeandalucia.es\/plurilinguismodelegacionmalaga\/files\/2020\/06\/pluri.jpeg\" alt=\"\" width=\"328\" height=\"154\" srcset=\"https:\/\/blogsaverroes.juntadeandalucia.es\/plurilinguismodelegacionmalaga\/files\/2020\/06\/pluri.jpeg 328w, https:\/\/blogsaverroes.juntadeandalucia.es\/plurilinguismodelegacionmalaga\/files\/2020\/06\/pluri-300x141.jpeg 300w, https:\/\/blogsaverroes.juntadeandalucia.es\/plurilinguismodelegacionmalaga\/files\/2020\/06\/pluri-24x11.jpeg 24w, https:\/\/blogsaverroes.juntadeandalucia.es\/plurilinguismodelegacionmalaga\/files\/2020\/06\/pluri-36x17.jpeg 36w, https:\/\/blogsaverroes.juntadeandalucia.es\/plurilinguismodelegacionmalaga\/files\/2020\/06\/pluri-48x23.jpeg 48w\" sizes=\"(max-width: 328px) 100vw, 328px\" \/>Para el pr\u00f3ximo curso escolar 2020-2021 se nos plantean nuevos retos dentro de las ense\u00f1anzas biling\u00fces.Entre ellos:<\/p>\n<p><strong>Cambios en la metodolog\u00eda<\/strong>:<\/p>\n<p class=\"p1\">Se recomienda poner en pr\u00e1ctica a trav\u00e9s de entornos virtuales de aprendizaje como <span class=\"s1\">Moodle<\/span>, ya que facilitan el desarrollo de las destrezas comunicativas (hablar, escuchar, leer, escribir e interactuar) y los procesos cognitivos, el trabajo cooperativo, el aprendizaje aut\u00f3nomo, el dise\u00f1o y evaluaci\u00f3n de actividades y el acceso a los recursos<\/p>\n<p><strong>Formaci\u00f3n:<\/strong><\/p>\n<p class=\"p1\">Se fomentar\u00e1 la participaci\u00f3n en las actividades de formaci\u00f3n propuestas que incluir\u00e1n contenidos como el enfoque AICLE, el MCERL, el PEL, la atenci\u00f3n a la diversidad en la ense\u00f1anza bilingu\u0308e, los programas europeos Erasmus+, la red eTwinning, la actualizaci\u00f3n lingu\u0308.stica y metodol\u00f3gica en lengua extranjera, estrategias metodol\u00f3gicas para trabajar las cinco destrezas comunicativas a distancia, herramientas innovadoras y la colaboraci\u00f3n con el auxiliar de conversaci\u00f3n.<\/p>\n<p>Se recuerda que el profesorado definitivo que no estuviera autorizado y haya obtenido una acreditacio\u0301n de al menos el nivel B2 del MCERL debera\u0301, en caso de estar interesado en participar en el programa bilingu\u0308e y de que fuera necesaria su participacio\u0301n para el desarrollo del programa, presentar su solicitud de autorizacio\u0301n a la direccio\u0301n del centro. La direccio\u0301n del centro trasladara\u0301 dicha solicitud a la correspondiente delegacio\u0301n territorial de educacio\u0301n antes del <strong>15 de junio de 2020<\/strong><\/p>\n<p><a href=\"https:\/\/blogsaverroes.juntadeandalucia.es\/plurilinguismodelegacionmalaga\/files\/2020\/06\/instruccio\u0301n-ensen\u0303anza-bilingu\u0308e-2020_2021-verde.pdf\">Instruccio\u0301n ensen\u0303anza bilingu\u0308e 2020_2021 <\/a><\/p>\n","protected":false},"excerpt":{"rendered":"<p>Para el pr\u00f3ximo curso escolar 2020-2021 se nos plantean nuevos retos dentro de las ense\u00f1anzas biling\u00fces.Entre ellos: Cambios en la metodolog\u00eda: Se recomienda poner en pr\u00e1ctica a trav\u00e9s de entornos virtuales de aprendizaje como&#46;&#46;&#46;<\/p>\n","protected":false},"author":8062,"featured_media":8729,"comment_status":"open","ping_status":"open","sticky":false,"template":"","format":"standard","meta":{"ngg_post_thumbnail":0,"footnotes":""},"categories":[11909],"tags":[],"aioseo_notices":[],"_links":{"self":[{"href":"https:\/\/blogsaverroes.juntadeandalucia.es\/plurilinguismodelegacionmalaga\/wp-json\/wp\/v2\/posts\/8726"}],"collection":[{"href":"https:\/\/blogsaverroes.juntadeandalucia.es\/plurilinguismodelegacionmalaga\/wp-json\/wp\/v2\/posts"}],"about":[{"href":"https:\/\/blogsaverroes.juntadeandalucia.es\/plurilinguismodelegacionmalaga\/wp-json\/wp\/v2\/types\/post"}],"author":[{"embeddable":true,"href":"https:\/\/blogsaverroes.juntadeandalucia.es\/plurilinguismodelegacionmalaga\/wp-json\/wp\/v2\/users\/8062"}],"replies":[{"embeddable":true,"href":"https:\/\/blogsaverroes.juntadeandalucia.es\/plurilinguismodelegacionmalaga\/wp-json\/wp\/v2\/comments?post=8726"}],"version-history":[{"count":1,"href":"https:\/\/blogsaverroes.juntadeandalucia.es\/plurilinguismodelegacionmalaga\/wp-json\/wp\/v2\/posts\/8726\/revisions"}],"predecessor-version":[{"id":8730,"href":"https:\/\/blogsaverroes.juntadeandalucia.es\/plurilinguismodelegacionmalaga\/wp-json\/wp\/v2\/posts\/8726\/revisions\/8730"}],"wp:featuredmedia":[{"embeddable":true,"href":"https:\/\/blogsaverroes.juntadeandalucia.es\/plurilinguismodelegacionmalaga\/wp-json\/wp\/v2\/media\/8729"}],"wp:attachment":[{"href":"https:\/\/blogsaverroes.juntadeandalucia.es\/plurilinguismodelegacionmalaga\/wp-json\/wp\/v2\/media?parent=8726"}],"wp:term":[{"taxonomy":"category","embeddable":true,"href":"https:\/\/blogsaverroes.juntadeandalucia.es\/plurilinguismodelegacionmalaga\/wp-json\/wp\/v2\/categories?post=8726"},{"taxonomy":"post_tag","embeddable":true,"href":"https:\/\/blogsaverroes.juntadeandalucia.es\/plurilinguismodelegacionmalaga\/wp-json\/wp\/v2\/tags?post=8726"}],"curies":[{"name":"wp","href":"https:\/\/api.w.org\/{rel}","templated":true}]}}