{"id":8742,"date":"2020-06-11T06:42:21","date_gmt":"2020-06-11T04:42:21","guid":{"rendered":"https:\/\/blogsaverroes.juntadeandalucia.es\/plurilinguismodelegacionmalaga\/?p=8742"},"modified":"2020-06-11T06:42:21","modified_gmt":"2020-06-11T04:42:21","slug":"universite-dete-en-ligne","status":"publish","type":"post","link":"https:\/\/blogsaverroes.juntadeandalucia.es\/plurilinguismodelegacionmalaga\/2020\/06\/11\/universite-dete-en-ligne\/","title":{"rendered":"Universit\u00e9 d&#8217;\u00e9t\u00e9 en ligne"},"content":{"rendered":"<div><img loading=\"lazy\" decoding=\"async\" class=\" wp-image-8743 alignleft\" src=\"https:\/\/blogsaverroes.juntadeandalucia.es\/plurilinguismodelegacionmalaga\/files\/2020\/06\/logo-institut-francais-espagne.png\" alt=\"\" width=\"173\" height=\"173\" srcset=\"https:\/\/blogsaverroes.juntadeandalucia.es\/plurilinguismodelegacionmalaga\/files\/2020\/06\/logo-institut-francais-espagne.png 500w, https:\/\/blogsaverroes.juntadeandalucia.es\/plurilinguismodelegacionmalaga\/files\/2020\/06\/logo-institut-francais-espagne-150x150.png 150w, https:\/\/blogsaverroes.juntadeandalucia.es\/plurilinguismodelegacionmalaga\/files\/2020\/06\/logo-institut-francais-espagne-300x300.png 300w, https:\/\/blogsaverroes.juntadeandalucia.es\/plurilinguismodelegacionmalaga\/files\/2020\/06\/logo-institut-francais-espagne-100x100.png 100w, https:\/\/blogsaverroes.juntadeandalucia.es\/plurilinguismodelegacionmalaga\/files\/2020\/06\/logo-institut-francais-espagne-160x160.png 160w, https:\/\/blogsaverroes.juntadeandalucia.es\/plurilinguismodelegacionmalaga\/files\/2020\/06\/logo-institut-francais-espagne-320x320.png 320w, https:\/\/blogsaverroes.juntadeandalucia.es\/plurilinguismodelegacionmalaga\/files\/2020\/06\/logo-institut-francais-espagne-24x24.png 24w, https:\/\/blogsaverroes.juntadeandalucia.es\/plurilinguismodelegacionmalaga\/files\/2020\/06\/logo-institut-francais-espagne-36x36.png 36w, https:\/\/blogsaverroes.juntadeandalucia.es\/plurilinguismodelegacionmalaga\/files\/2020\/06\/logo-institut-francais-espagne-48x48.png 48w\" sizes=\"(max-width: 173px) 100vw, 173px\" \/>Este a\u00f1o, dado el especial contexto en que estamos viviendo, ser\u00e1 una formaci\u00f3n a distancia del<b> 6 al 10 de julio 2020.<\/b><\/div>\n<div>En total, son m\u00e1s de 30 horas de formaci\u00f3n en l\u00ednea que incluyen <b>10 webinares, <\/b><b>14 talleres<\/b>, y actividades culturales durante toda la semana.&nbsp; &nbsp;&nbsp;<\/div>\n<div>Para m\u00e1s informaci\u00f3n sobre el programa:&nbsp; <a href=\"https:\/\/www.universite-ete.org\/\" target=\"_blank\" rel=\"noopener noreferrer\">https:\/\/www.universite-ete.org\/<\/a>&nbsp;<\/div>\n<div>Las<b> inscripciones son del&nbsp;8 al 22 de junio<\/b> en&nbsp;<a href=\"https:\/\/www.universite-ete.org\/s-inscrire\" target=\"_blank\" rel=\"noopener noreferrer\">https:\/\/www.universite-ete.org\/s-inscrire<\/a><\/div>\n<div>La participaci\u00f3n&nbsp;a la universidad de verano&nbsp;tendr\u00e1 un coste de<b> 90 euros por persona<\/b>, pero <span style=\"color: #ff0000\">ser\u00e1<b> gratis <\/b>para los docentes ense\u00f1ando&nbsp;en centros LabelFrancEducation.<\/span><\/div>\n","protected":false},"excerpt":{"rendered":"<p>Este a\u00f1o, dado el especial contexto en que estamos viviendo, ser\u00e1 una formaci\u00f3n a distancia del 6 al 10 de julio 2020. En total, son m\u00e1s de 30 horas de formaci\u00f3n en l\u00ednea que&#46;&#46;&#46;<\/p>\n","protected":false},"author":8062,"featured_media":8743,"comment_status":"open","ping_status":"open","sticky":false,"template":"","format":"standard","meta":{"ngg_post_thumbnail":0,"footnotes":""},"categories":[11909],"tags":[],"aioseo_notices":[],"_links":{"self":[{"href":"https:\/\/blogsaverroes.juntadeandalucia.es\/plurilinguismodelegacionmalaga\/wp-json\/wp\/v2\/posts\/8742"}],"collection":[{"href":"https:\/\/blogsaverroes.juntadeandalucia.es\/plurilinguismodelegacionmalaga\/wp-json\/wp\/v2\/posts"}],"about":[{"href":"https:\/\/blogsaverroes.juntadeandalucia.es\/plurilinguismodelegacionmalaga\/wp-json\/wp\/v2\/types\/post"}],"author":[{"embeddable":true,"href":"https:\/\/blogsaverroes.juntadeandalucia.es\/plurilinguismodelegacionmalaga\/wp-json\/wp\/v2\/users\/8062"}],"replies":[{"embeddable":true,"href":"https:\/\/blogsaverroes.juntadeandalucia.es\/plurilinguismodelegacionmalaga\/wp-json\/wp\/v2\/comments?post=8742"}],"version-history":[{"count":1,"href":"https:\/\/blogsaverroes.juntadeandalucia.es\/plurilinguismodelegacionmalaga\/wp-json\/wp\/v2\/posts\/8742\/revisions"}],"predecessor-version":[{"id":8744,"href":"https:\/\/blogsaverroes.juntadeandalucia.es\/plurilinguismodelegacionmalaga\/wp-json\/wp\/v2\/posts\/8742\/revisions\/8744"}],"wp:featuredmedia":[{"embeddable":true,"href":"https:\/\/blogsaverroes.juntadeandalucia.es\/plurilinguismodelegacionmalaga\/wp-json\/wp\/v2\/media\/8743"}],"wp:attachment":[{"href":"https:\/\/blogsaverroes.juntadeandalucia.es\/plurilinguismodelegacionmalaga\/wp-json\/wp\/v2\/media?parent=8742"}],"wp:term":[{"taxonomy":"category","embeddable":true,"href":"https:\/\/blogsaverroes.juntadeandalucia.es\/plurilinguismodelegacionmalaga\/wp-json\/wp\/v2\/categories?post=8742"},{"taxonomy":"post_tag","embeddable":true,"href":"https:\/\/blogsaverroes.juntadeandalucia.es\/plurilinguismodelegacionmalaga\/wp-json\/wp\/v2\/tags?post=8742"}],"curies":[{"name":"wp","href":"https:\/\/api.w.org\/{rel}","templated":true}]}}