{"id":8776,"date":"2020-09-22T14:24:16","date_gmt":"2020-09-22T12:24:16","guid":{"rendered":"https:\/\/blogsaverroes.juntadeandalucia.es\/plurilinguismodelegacionmalaga\/?p=8776"},"modified":"2020-09-22T14:24:16","modified_gmt":"2020-09-22T12:24:16","slug":"comunicacion-programa-auxiliares-de-conversacion-2020-2021","status":"publish","type":"post","link":"https:\/\/blogsaverroes.juntadeandalucia.es\/plurilinguismodelegacionmalaga\/2020\/09\/22\/comunicacion-programa-auxiliares-de-conversacion-2020-2021\/","title":{"rendered":"Comunicaci\u00f3n Programa Auxiliares de Conversaci\u00f3n 2020-2021"},"content":{"rendered":"\r\n<p>Se adjunta Comunicaci\u00f3n de la Direcci\u00f3n General de Ordenaci\u00f3n y Evaluaci\u00f3n Educativa, de 22 de septiembre de 2020, sobre la ejecuci\u00f3n del Programa de Auxiliares de Conversaci\u00f3n durante el curso acad\u00e9mico 2020-2021.<\/p>\r\n<p><a href=\"https:\/\/blogsaverroes.juntadeandalucia.es\/plurilinguismodelegacionmalaga\/files\/2020\/09\/Comunicado-Programa-Auxiliares-de-Conversaci\u00f3n.pdf-1.pdf\">Comunicado Programa Auxiliares de Conversaci\u00f3n.pdf (1)<\/a><\/p>\r\n","protected":false},"excerpt":{"rendered":"<p>Se adjunta Comunicaci\u00f3n de la Direcci\u00f3n General de Ordenaci\u00f3n y Evaluaci\u00f3n Educativa, de 22 de septiembre de 2020, sobre la ejecuci\u00f3n del Programa de Auxiliares de Conversaci\u00f3n durante el curso acad\u00e9mico 2020-2021. Comunicado Programa&#46;&#46;&#46;<\/p>\n","protected":false},"author":8062,"featured_media":0,"comment_status":"open","ping_status":"open","sticky":false,"template":"","format":"standard","meta":{"ngg_post_thumbnail":0,"footnotes":""},"categories":[11909],"tags":[],"aioseo_notices":[],"_links":{"self":[{"href":"https:\/\/blogsaverroes.juntadeandalucia.es\/plurilinguismodelegacionmalaga\/wp-json\/wp\/v2\/posts\/8776"}],"collection":[{"href":"https:\/\/blogsaverroes.juntadeandalucia.es\/plurilinguismodelegacionmalaga\/wp-json\/wp\/v2\/posts"}],"about":[{"href":"https:\/\/blogsaverroes.juntadeandalucia.es\/plurilinguismodelegacionmalaga\/wp-json\/wp\/v2\/types\/post"}],"author":[{"embeddable":true,"href":"https:\/\/blogsaverroes.juntadeandalucia.es\/plurilinguismodelegacionmalaga\/wp-json\/wp\/v2\/users\/8062"}],"replies":[{"embeddable":true,"href":"https:\/\/blogsaverroes.juntadeandalucia.es\/plurilinguismodelegacionmalaga\/wp-json\/wp\/v2\/comments?post=8776"}],"version-history":[{"count":2,"href":"https:\/\/blogsaverroes.juntadeandalucia.es\/plurilinguismodelegacionmalaga\/wp-json\/wp\/v2\/posts\/8776\/revisions"}],"predecessor-version":[{"id":8780,"href":"https:\/\/blogsaverroes.juntadeandalucia.es\/plurilinguismodelegacionmalaga\/wp-json\/wp\/v2\/posts\/8776\/revisions\/8780"}],"wp:attachment":[{"href":"https:\/\/blogsaverroes.juntadeandalucia.es\/plurilinguismodelegacionmalaga\/wp-json\/wp\/v2\/media?parent=8776"}],"wp:term":[{"taxonomy":"category","embeddable":true,"href":"https:\/\/blogsaverroes.juntadeandalucia.es\/plurilinguismodelegacionmalaga\/wp-json\/wp\/v2\/categories?post=8776"},{"taxonomy":"post_tag","embeddable":true,"href":"https:\/\/blogsaverroes.juntadeandalucia.es\/plurilinguismodelegacionmalaga\/wp-json\/wp\/v2\/tags?post=8776"}],"curies":[{"name":"wp","href":"https:\/\/api.w.org\/{rel}","templated":true}]}}