{"id":8816,"date":"2020-10-06T10:09:45","date_gmt":"2020-10-06T08:09:45","guid":{"rendered":"https:\/\/blogsaverroes.juntadeandalucia.es\/plurilinguismodelegacionmalaga\/?p=8816"},"modified":"2020-10-06T10:16:57","modified_gmt":"2020-10-06T08:16:57","slug":"propuesta-provisional-de-resolucion-de-subvenciones-a-auxiliares-de-conversacion-extranjeros-de-los-idiomas-ingles-frances-aleman-y-portugues-para-el-curso-academico-2020-2021","status":"publish","type":"post","link":"https:\/\/blogsaverroes.juntadeandalucia.es\/plurilinguismodelegacionmalaga\/2020\/10\/06\/propuesta-provisional-de-resolucion-de-subvenciones-a-auxiliares-de-conversacion-extranjeros-de-los-idiomas-ingles-frances-aleman-y-portugues-para-el-curso-academico-2020-2021\/","title":{"rendered":"Propuesta Provisional de Resoluci\u00f3n de subvenciones a auxiliares de conversaci\u00f3n extranjeros de los idiomas ingl\u00e9s, franc\u00e9s, alem\u00e1n y portugu\u00e9s para el curso acad\u00e9mico 2020\/2021."},"content":{"rendered":"<p align=\"justify\">&nbsp;<\/p>\n<p align=\"justify\"><span style=\"font-family: arial, helvetica, sans-serif;font-size: 12pt;color: #000000\">Propuesta Provisional de Resoluci\u00f3n de 5 de octubre de 2020 del Servicio de Programas Educativos Internacionales de la Direcci\u00f3n General de Ordenaci\u00f3n y Evaluaci\u00f3n Educativa de la Consejer\u00eda de Educaci\u00f3n y Deporte, relativa a la convocatoria de subvenciones a auxiliares de conversaci\u00f3n extranjeros de los idiomas ingl\u00e9s, franc\u00e9s, alem\u00e1n y portugu\u00e9s seleccionados directamente por la Consejer\u00eda de Educaci\u00f3n y Deporte, para el curso acad\u00e9mico 2020\/2021. <\/span><\/p>\n<p><a href=\"https:\/\/portals.ced.junta-andalucia.es\/educacion\/portals\/web\/ced\/novedades\/-\/contenidos\/detalle\/propuesta-provisional-de-resolucion-de-5-de-octubre-de-2020-del-servicio-de-programas-educativos-internacionales-de-la\">https:\/\/portals.ced.junta-andalucia.es\/educacion\/portals\/web\/ced\/novedades\/-\/contenidos\/detalle\/propuesta-provisional-de-resolucion-de-5-de-octubre-de-2020-del-servicio-de-programas-educativos-internacionales-de-la&nbsp;<\/a><\/p>\n","protected":false},"excerpt":{"rendered":"<p>&nbsp; Propuesta Provisional de Resoluci\u00f3n de 5 de octubre de 2020 del Servicio de Programas Educativos Internacionales de la Direcci\u00f3n General de Ordenaci\u00f3n y Evaluaci\u00f3n Educativa de la Consejer\u00eda de Educaci\u00f3n y Deporte, relativa&#46;&#46;&#46;<\/p>\n","protected":false},"author":8062,"featured_media":8826,"comment_status":"open","ping_status":"open","sticky":false,"template":"","format":"standard","meta":{"ngg_post_thumbnail":0,"footnotes":""},"categories":[11909],"tags":[],"aioseo_notices":[],"_links":{"self":[{"href":"https:\/\/blogsaverroes.juntadeandalucia.es\/plurilinguismodelegacionmalaga\/wp-json\/wp\/v2\/posts\/8816"}],"collection":[{"href":"https:\/\/blogsaverroes.juntadeandalucia.es\/plurilinguismodelegacionmalaga\/wp-json\/wp\/v2\/posts"}],"about":[{"href":"https:\/\/blogsaverroes.juntadeandalucia.es\/plurilinguismodelegacionmalaga\/wp-json\/wp\/v2\/types\/post"}],"author":[{"embeddable":true,"href":"https:\/\/blogsaverroes.juntadeandalucia.es\/plurilinguismodelegacionmalaga\/wp-json\/wp\/v2\/users\/8062"}],"replies":[{"embeddable":true,"href":"https:\/\/blogsaverroes.juntadeandalucia.es\/plurilinguismodelegacionmalaga\/wp-json\/wp\/v2\/comments?post=8816"}],"version-history":[{"count":7,"href":"https:\/\/blogsaverroes.juntadeandalucia.es\/plurilinguismodelegacionmalaga\/wp-json\/wp\/v2\/posts\/8816\/revisions"}],"predecessor-version":[{"id":8827,"href":"https:\/\/blogsaverroes.juntadeandalucia.es\/plurilinguismodelegacionmalaga\/wp-json\/wp\/v2\/posts\/8816\/revisions\/8827"}],"wp:featuredmedia":[{"embeddable":true,"href":"https:\/\/blogsaverroes.juntadeandalucia.es\/plurilinguismodelegacionmalaga\/wp-json\/wp\/v2\/media\/8826"}],"wp:attachment":[{"href":"https:\/\/blogsaverroes.juntadeandalucia.es\/plurilinguismodelegacionmalaga\/wp-json\/wp\/v2\/media?parent=8816"}],"wp:term":[{"taxonomy":"category","embeddable":true,"href":"https:\/\/blogsaverroes.juntadeandalucia.es\/plurilinguismodelegacionmalaga\/wp-json\/wp\/v2\/categories?post=8816"},{"taxonomy":"post_tag","embeddable":true,"href":"https:\/\/blogsaverroes.juntadeandalucia.es\/plurilinguismodelegacionmalaga\/wp-json\/wp\/v2\/tags?post=8816"}],"curies":[{"name":"wp","href":"https:\/\/api.w.org\/{rel}","templated":true}]}}