{"id":8871,"date":"2020-11-13T09:22:39","date_gmt":"2020-11-13T08:22:39","guid":{"rendered":"https:\/\/blogsaverroes.juntadeandalucia.es\/plurilinguismodelegacionmalaga\/?p=8871"},"modified":"2020-11-13T12:46:25","modified_gmt":"2020-11-13T11:46:25","slug":"webinar-programas-de-profesorado-visitante-y-secciones-bilingues-de-espanol-en-el-exterior","status":"publish","type":"post","link":"https:\/\/blogsaverroes.juntadeandalucia.es\/plurilinguismodelegacionmalaga\/2020\/11\/13\/webinar-programas-de-profesorado-visitante-y-secciones-bilingues-de-espanol-en-el-exterior\/","title":{"rendered":"Webinar: Programas de Profesorado Visitante y Secciones Biling\u00fces de Espa\u00f1ol en el exterior"},"content":{"rendered":"<p>El pr\u00f3ximo 19 de noviembre desde las 17:00 a las 19:00 horas realizaremos una presentaci\u00f3n en l\u00ednea sobre los programas de Profesorado Visitante y Secciones Biling\u00fces de Espa\u00f1ol en el exterior. Emitiremos la presentaci\u00f3n desde la plataforma Microsoft Teams y el profesorado interesado en participar deber\u00e1 completar <b>antes del mi\u00e9rcoles 18<\/b>&nbsp;el formulario del enlace siguiente:<\/p>\n<p><a href=\"https:\/\/forms.gle\/oSmD6fUsrCdCeVmR8\" target=\"_blank\" rel=\"noopener noreferrer\">https:\/\/forms.gle\/oSmD6fUsrCdCeVmR8<\/a><\/p>\n<p>Links de inter\u00e9s:&nbsp;<\/p>\n<p>Profesores visitantes: <a class=\"moz-txt-link-freetext\" href=\"https:\/\/www.educacionyfp.gob.es\/mc\/accion-exterior\/conoce-nuestra-red\/profesores-visitantes.html\" target=\"_blank\" rel=\"noopener noreferrer\">https:\/\/www.educacionyfp.gob.es\/mc\/accion-exterior\/conoce-nuestra-red\/profesores-visitantes.html<\/a><\/p>\n<p>Secciones Biling\u00fces:&nbsp;<a class=\"moz-txt-link-freetext\" href=\"https:\/\/www.educacionyfp.gob.es\/mc\/accion-exterior\/conoce-nuestra-red\/secciones-bilingues.html\" target=\"_blank\" rel=\"noopener noreferrer\">https:\/\/www.educacionyfp.gob.es\/mc\/accion-exterior\/conoce-nuestra-red\/secciones-bilingues.html<\/a><\/p>\n<p>&nbsp;<\/p>\n","protected":false},"excerpt":{"rendered":"<p>El pr\u00f3ximo 19 de noviembre desde las 17:00 a las 19:00 horas realizaremos una presentaci\u00f3n en l\u00ednea sobre los programas de Profesorado Visitante y Secciones Biling\u00fces de Espa\u00f1ol en el exterior. Emitiremos la presentaci\u00f3n&#46;&#46;&#46;<\/p>\n","protected":false},"author":8062,"featured_media":8872,"comment_status":"open","ping_status":"open","sticky":false,"template":"","format":"standard","meta":{"ngg_post_thumbnail":0,"footnotes":""},"categories":[11909],"tags":[],"aioseo_notices":[],"_links":{"self":[{"href":"https:\/\/blogsaverroes.juntadeandalucia.es\/plurilinguismodelegacionmalaga\/wp-json\/wp\/v2\/posts\/8871"}],"collection":[{"href":"https:\/\/blogsaverroes.juntadeandalucia.es\/plurilinguismodelegacionmalaga\/wp-json\/wp\/v2\/posts"}],"about":[{"href":"https:\/\/blogsaverroes.juntadeandalucia.es\/plurilinguismodelegacionmalaga\/wp-json\/wp\/v2\/types\/post"}],"author":[{"embeddable":true,"href":"https:\/\/blogsaverroes.juntadeandalucia.es\/plurilinguismodelegacionmalaga\/wp-json\/wp\/v2\/users\/8062"}],"replies":[{"embeddable":true,"href":"https:\/\/blogsaverroes.juntadeandalucia.es\/plurilinguismodelegacionmalaga\/wp-json\/wp\/v2\/comments?post=8871"}],"version-history":[{"count":2,"href":"https:\/\/blogsaverroes.juntadeandalucia.es\/plurilinguismodelegacionmalaga\/wp-json\/wp\/v2\/posts\/8871\/revisions"}],"predecessor-version":[{"id":8878,"href":"https:\/\/blogsaverroes.juntadeandalucia.es\/plurilinguismodelegacionmalaga\/wp-json\/wp\/v2\/posts\/8871\/revisions\/8878"}],"wp:featuredmedia":[{"embeddable":true,"href":"https:\/\/blogsaverroes.juntadeandalucia.es\/plurilinguismodelegacionmalaga\/wp-json\/wp\/v2\/media\/8872"}],"wp:attachment":[{"href":"https:\/\/blogsaverroes.juntadeandalucia.es\/plurilinguismodelegacionmalaga\/wp-json\/wp\/v2\/media?parent=8871"}],"wp:term":[{"taxonomy":"category","embeddable":true,"href":"https:\/\/blogsaverroes.juntadeandalucia.es\/plurilinguismodelegacionmalaga\/wp-json\/wp\/v2\/categories?post=8871"},{"taxonomy":"post_tag","embeddable":true,"href":"https:\/\/blogsaverroes.juntadeandalucia.es\/plurilinguismodelegacionmalaga\/wp-json\/wp\/v2\/tags?post=8871"}],"curies":[{"name":"wp","href":"https:\/\/api.w.org\/{rel}","templated":true}]}}