{"id":8890,"date":"2020-12-02T09:12:59","date_gmt":"2020-12-02T08:12:59","guid":{"rendered":"https:\/\/blogsaverroes.juntadeandalucia.es\/plurilinguismodelegacionmalaga\/?p=8890"},"modified":"2020-12-02T09:12:59","modified_gmt":"2020-12-02T08:12:59","slug":"concurso-de-tarjetas-de-felicitacion-del-ano-nuevo-chino","status":"publish","type":"post","link":"https:\/\/blogsaverroes.juntadeandalucia.es\/plurilinguismodelegacionmalaga\/2020\/12\/02\/concurso-de-tarjetas-de-felicitacion-del-ano-nuevo-chino\/","title":{"rendered":"Concurso de tarjetas de felicitaci\u00f3n del A\u00f1o Nuevo Chino"},"content":{"rendered":"<p>La Direcci\u00f3n General de Ordenaci\u00f3n y Evaluaci\u00f3n Educativa, a trav\u00e9s de su Servicio de Programas Educativos Internacionales, convoca la primera edici\u00f3n de su Concurso de tarjetas de felicitaci\u00f3n del A\u00f1o Nuevo Chino.<\/p>\n<p>Para m\u00e1s informaci\u00f3n, puede consultar este <a href=\"https:\/\/portals.ced.junta-andalucia.es\/educacion\/portals\/web\/plurilinguismo\/novedades\/-\/contenidos\/detalle\/concurso-de-tarjetas-de-felicitacion-del-ano-nuevo-chino\">link.<\/a>&nbsp;<\/p>\n","protected":false},"excerpt":{"rendered":"<p>La Direcci\u00f3n General de Ordenaci\u00f3n y Evaluaci\u00f3n Educativa, a trav\u00e9s de su Servicio de Programas Educativos Internacionales, convoca la primera edici\u00f3n de su Concurso de tarjetas de felicitaci\u00f3n del A\u00f1o Nuevo Chino. Para m\u00e1s&#46;&#46;&#46;<\/p>\n","protected":false},"author":8062,"featured_media":8891,"comment_status":"open","ping_status":"open","sticky":false,"template":"","format":"standard","meta":{"ngg_post_thumbnail":0,"footnotes":""},"categories":[11909],"tags":[],"aioseo_notices":[],"_links":{"self":[{"href":"https:\/\/blogsaverroes.juntadeandalucia.es\/plurilinguismodelegacionmalaga\/wp-json\/wp\/v2\/posts\/8890"}],"collection":[{"href":"https:\/\/blogsaverroes.juntadeandalucia.es\/plurilinguismodelegacionmalaga\/wp-json\/wp\/v2\/posts"}],"about":[{"href":"https:\/\/blogsaverroes.juntadeandalucia.es\/plurilinguismodelegacionmalaga\/wp-json\/wp\/v2\/types\/post"}],"author":[{"embeddable":true,"href":"https:\/\/blogsaverroes.juntadeandalucia.es\/plurilinguismodelegacionmalaga\/wp-json\/wp\/v2\/users\/8062"}],"replies":[{"embeddable":true,"href":"https:\/\/blogsaverroes.juntadeandalucia.es\/plurilinguismodelegacionmalaga\/wp-json\/wp\/v2\/comments?post=8890"}],"version-history":[{"count":1,"href":"https:\/\/blogsaverroes.juntadeandalucia.es\/plurilinguismodelegacionmalaga\/wp-json\/wp\/v2\/posts\/8890\/revisions"}],"predecessor-version":[{"id":8892,"href":"https:\/\/blogsaverroes.juntadeandalucia.es\/plurilinguismodelegacionmalaga\/wp-json\/wp\/v2\/posts\/8890\/revisions\/8892"}],"wp:featuredmedia":[{"embeddable":true,"href":"https:\/\/blogsaverroes.juntadeandalucia.es\/plurilinguismodelegacionmalaga\/wp-json\/wp\/v2\/media\/8891"}],"wp:attachment":[{"href":"https:\/\/blogsaverroes.juntadeandalucia.es\/plurilinguismodelegacionmalaga\/wp-json\/wp\/v2\/media?parent=8890"}],"wp:term":[{"taxonomy":"category","embeddable":true,"href":"https:\/\/blogsaverroes.juntadeandalucia.es\/plurilinguismodelegacionmalaga\/wp-json\/wp\/v2\/categories?post=8890"},{"taxonomy":"post_tag","embeddable":true,"href":"https:\/\/blogsaverroes.juntadeandalucia.es\/plurilinguismodelegacionmalaga\/wp-json\/wp\/v2\/tags?post=8890"}],"curies":[{"name":"wp","href":"https:\/\/api.w.org\/{rel}","templated":true}]}}