{"id":9008,"date":"2021-04-06T10:16:11","date_gmt":"2021-04-06T08:16:11","guid":{"rendered":"https:\/\/blogsaverroes.juntadeandalucia.es\/plurilinguismodelegacionmalaga\/?p=9008"},"modified":"2021-04-06T10:17:33","modified_gmt":"2021-04-06T08:17:33","slug":"experiencias-etwinning-realizadas-por-el-ies-cerro-del-viento-arroyo-de-la-miel","status":"publish","type":"post","link":"https:\/\/blogsaverroes.juntadeandalucia.es\/plurilinguismodelegacionmalaga\/2021\/04\/06\/experiencias-etwinning-realizadas-por-el-ies-cerro-del-viento-arroyo-de-la-miel\/","title":{"rendered":"Experiencias eTwinning realizadas por el IES Cerro del Viento (Arroyo de la Miel)"},"content":{"rendered":"<p>Os invitamos a que visit\u00e9is y disfrut\u00e9is de las experiencias eTwinning realizadas por el IES Cerro del Viento de Arroyo de la Miel (M\u00e1laga).<\/p>\n<p>Muchas gracias por vuestro gran trabajo y ganas de compartir vuestras experiencias educativas con el resto de la comunidad educativa.<\/p>\n<blockquote>\n<div dir=\"ltr\">\n<ul>\n<li class=\"gmail-MsoListParagraphCxSpFirst\">Proyectos etwinning Asociaci\u00f3n Escolar Erasmus + 2021: <u><a href=\"http:\/\/etwinning.es\/es\/proyectos-etwinning-asociacion-escolar-erasmus\/\" target=\"_blank\" rel=\"noopener noreferrer\">http:\/\/etwinning.es\/es\/proyectos-etwinning-asociacion-escolar-erasmus\/<\/a><\/u><\/li>\n<li class=\"gmail-MsoListParagraphCxSpMiddle\">Sellos de calidad: <a href=\"https:\/\/www.juntadeandalucia.es\/educacion\/portals\/web\/ced\/actualidad\/detalle-de-la-noticia\/-\/noticia\/detalle\/77-docentes-y-centros-educativos-andaluces-galardonados-con-el-sello-de-calidad-europeo-etwinning\" target=\"_blank\" rel=\"noopener noreferrer\">https:\/\/www.juntadeandalucia.es\/educacion\/portals\/web\/ced\/actualidad\/detalle-de-la-noticia\/-\/noticia\/detalle\/77-docentes-y-centros-educativos-andaluces-galardonados-con-el-sello-de-calidad-europeo-etwinning<\/a><\/li>\n<li class=\"gmail-MsoListParagraphCxSpMiddle\">&nbsp;eTwinning School 2021:<a href=\"https:\/\/www.juntadeandalucia.es\/educacion\/portals\/web\/ced\/novedades\/-\/contenidos\/detalle\/premios-europeos-etwinning-para-centros-educativos-andaluces-1az8yfkg3hi0r\" target=\"_blank\" rel=\"noopener noreferrer\">https:\/\/www.juntadeandalucia.es\/educacion\/portals\/web\/ced\/novedades\/-\/contenidos\/detalle\/premios-europeos-etwinning-para-centros-educativos-andaluces-1az8yfkg3hi0r<\/a><\/li>\n<\/ul>\n<div>\n<p class=\"gmail-MsoListParagraphCxSpLast\"><a href=\"http:\/\/www.juntadeandalucia.es\/educacion\/webportal\/web\/portal-de-plurilinguismo\/novedades\/-\/contenidos\/detalle\/12-centros-andaluces-obtienen-el-sello-etwinning-school-2021\" target=\"_blank\" rel=\"noopener noreferrer\">http:\/\/www.juntadeandalucia.es\/educacion\/webportal\/web\/portal-de-plurilinguismo\/novedades\/-\/contenidos\/detalle\/12-centros-andaluces-obtienen-el-sello-etwinning-school-2021<\/a><\/p>\n<p class=\"gmail-MsoListParagraphCxSpLast\">&nbsp;<\/p>\n<\/div>\n<\/div>\n<\/blockquote>\n<p>Tambi\u00e9n pod\u00e9is visitar la p\u00e1gina web del centro:<a href=\"https:\/\/www.iescerrodelviento.com\/index.php\/proyectos\/66-etwinning\"> https:\/\/www.iescerrodelviento.com\/index.php\/proyectos\/66-etwinning&nbsp;<\/a><\/p>\n","protected":false},"excerpt":{"rendered":"<p>Os invitamos a que visit\u00e9is y disfrut\u00e9is de las experiencias eTwinning realizadas por el IES Cerro del Viento de Arroyo de la Miel (M\u00e1laga). Muchas gracias por vuestro gran trabajo y ganas de compartir&#46;&#46;&#46;<\/p>\n","protected":false},"author":8062,"featured_media":8883,"comment_status":"open","ping_status":"open","sticky":false,"template":"","format":"standard","meta":{"ngg_post_thumbnail":0,"footnotes":""},"categories":[11909,10635,526,2134355],"tags":[],"aioseo_notices":[],"_links":{"self":[{"href":"https:\/\/blogsaverroes.juntadeandalucia.es\/plurilinguismodelegacionmalaga\/wp-json\/wp\/v2\/posts\/9008"}],"collection":[{"href":"https:\/\/blogsaverroes.juntadeandalucia.es\/plurilinguismodelegacionmalaga\/wp-json\/wp\/v2\/posts"}],"about":[{"href":"https:\/\/blogsaverroes.juntadeandalucia.es\/plurilinguismodelegacionmalaga\/wp-json\/wp\/v2\/types\/post"}],"author":[{"embeddable":true,"href":"https:\/\/blogsaverroes.juntadeandalucia.es\/plurilinguismodelegacionmalaga\/wp-json\/wp\/v2\/users\/8062"}],"replies":[{"embeddable":true,"href":"https:\/\/blogsaverroes.juntadeandalucia.es\/plurilinguismodelegacionmalaga\/wp-json\/wp\/v2\/comments?post=9008"}],"version-history":[{"count":1,"href":"https:\/\/blogsaverroes.juntadeandalucia.es\/plurilinguismodelegacionmalaga\/wp-json\/wp\/v2\/posts\/9008\/revisions"}],"predecessor-version":[{"id":9009,"href":"https:\/\/blogsaverroes.juntadeandalucia.es\/plurilinguismodelegacionmalaga\/wp-json\/wp\/v2\/posts\/9008\/revisions\/9009"}],"wp:featuredmedia":[{"embeddable":true,"href":"https:\/\/blogsaverroes.juntadeandalucia.es\/plurilinguismodelegacionmalaga\/wp-json\/wp\/v2\/media\/8883"}],"wp:attachment":[{"href":"https:\/\/blogsaverroes.juntadeandalucia.es\/plurilinguismodelegacionmalaga\/wp-json\/wp\/v2\/media?parent=9008"}],"wp:term":[{"taxonomy":"category","embeddable":true,"href":"https:\/\/blogsaverroes.juntadeandalucia.es\/plurilinguismodelegacionmalaga\/wp-json\/wp\/v2\/categories?post=9008"},{"taxonomy":"post_tag","embeddable":true,"href":"https:\/\/blogsaverroes.juntadeandalucia.es\/plurilinguismodelegacionmalaga\/wp-json\/wp\/v2\/tags?post=9008"}],"curies":[{"name":"wp","href":"https:\/\/api.w.org\/{rel}","templated":true}]}}