{"id":9034,"date":"2021-04-23T13:07:26","date_gmt":"2021-04-23T11:07:26","guid":{"rendered":"https:\/\/blogsaverroes.juntadeandalucia.es\/plurilinguismodelegacionmalaga\/?p=9034"},"modified":"2021-04-28T13:17:51","modified_gmt":"2021-04-28T11:17:51","slug":"renuncia-a-impartir-docencia-bilingue","status":"publish","type":"post","link":"https:\/\/blogsaverroes.juntadeandalucia.es\/plurilinguismodelegacionmalaga\/2021\/04\/23\/renuncia-a-impartir-docencia-bilingue\/","title":{"rendered":"Renuncia a impartir docencia biling\u00fce"},"content":{"rendered":"<p><strong>H<\/strong><strong>asta el d\u00eda 15 de junio<\/strong>&nbsp;podr\u00e1n formularse las solicitudes de&nbsp;<strong>RENUNCIA<\/strong>&nbsp;del personal que ha contado hasta ahora con autorizaci\u00f3n para la impartici\u00f3n de ense\u00f1anza biling\u00fce.<\/p>\n<p>\u2013&nbsp;<strong>IMPORTANTE:<\/strong>&nbsp;\u00danicamente podr\u00e1 renunciar a impartir docencia biling\u00fce el personal que obtuvo plaza NO biling\u00fce mediante Concurso General de Traslados, y que posteriormente fue autorizado a impartir dicha ense\u00f1anza por la Direcci\u00f3n General competente.<\/p>\n<p>\u2013<strong>&nbsp;En ning\u00fan caso<\/strong>&nbsp;podr\u00e1 cursar esta solicitud el personal que hubiese obtenido plaza biling\u00fce mediante<strong>&nbsp;Concurso General de Traslados<\/strong>&nbsp;o&nbsp;<strong>Recolocaci\u00f3n<\/strong>&nbsp;efectuada en su momento mediante convocatoria publicada en el correspondiente Bolet\u00edn Oficial de la Junta de Andaluc\u00eda.<\/p>\n<h3><strong><em>DOCUMENTACI\u00d3N Y PRESENTACI\u00d3N DE SOLICITUDES<\/em><\/strong>&nbsp;<\/h3>\n<div>\n<p>La solicitud deber\u00e1 ser formulada mediante oficio remitido por la Direcci\u00f3n del centro educativo, y contendr\u00e1 la siguiente documentaci\u00f3n:<\/p>\n<p><strong>1. Documento de la Direcci\u00f3n del centro de solicitud de autorizaci\u00f3n para el personal propuesto. <a href=\"https:\/\/blogsaverroes.juntadeandalucia.es\/plurilinguismodelegacionmalaga\/files\/2021\/04\/DIRECCI\u00d3N-RENUNCIA-IMPARTICI\u00d3N-PROFESORADO-ENSE\u00d1ANZA-BILING\u00dcE-1.docx\">DIRECCI\u00d3N-RENUNCIA-IMPARTICI\u00d3N-PROFESORADO-ENSE\u00d1ANZA-BILING\u00dcE (1)<\/a><\/strong><\/p>\n<p><strong>&nbsp;2. Anexo(s) de renuncia a la impartici\u00f3n de ense\u00f1anza biling\u00fce.<\/strong> <a href=\"https:\/\/blogsaverroes.juntadeandalucia.es\/plurilinguismodelegacionmalaga\/files\/2021\/04\/renuncia_bilingue.odt\">renuncia_bilingue<\/a><\/p>\n<p>Para poder dar curso a la solicitud, cada uno\/a de los\/as docentes propuestos\/as deber\u00e1 cumplimentar esta solicitud de forma individual, por lo que deber\u00e1n remitirse adjuntos tantos Anexos como docentes solicitantes.<\/p>\n<p>La documentaci\u00f3n ser\u00e1 remitida por el\/la Director o Directora del centro educativo a la Ilma. Sra. Delegada Territorial de Educaci\u00f3n, Deporte, Igualdad, Pol\u00edticas Sociales y Conciliaci\u00f3n, mediante cualquiera de los siguientes medios:<\/p>\n<p><em>\u2013 Ventanilla electr\u00f3nica, dirigi\u00e9ndose a \u00abServicio de Ordenaci\u00f3n Educativa\u00bb -&gt; \u00abPlanes y programas\u00bb<\/em><\/p>\n<p><em>\u2013 Registro General de esta Delegaci\u00f3n Territorial<\/em><\/p>\n<p><em>\u2013 Cualquiera de las v\u00edas expuestas en el art\u00edculo 16 de la Ley 39\/2015, de 1 de octubre, del Procedimiento Administrativo Com\u00fan de las Administraciones P\u00fablicas. En el caso de que se optara por presentar la documentaci\u00f3n ante la Oficina de Correos, se har\u00e1 en sobre abierto para que la solicitud sea fechada y sellada por el personal de Correos, antes de ser certificada.&nbsp;<\/em><\/p>\n<\/div>\n","protected":false},"excerpt":{"rendered":"<p>Hasta el d\u00eda 15 de junio&nbsp;podr\u00e1n formularse las solicitudes de&nbsp;RENUNCIA&nbsp;del personal que ha contado hasta ahora con autorizaci\u00f3n para la impartici\u00f3n de ense\u00f1anza biling\u00fce. \u2013&nbsp;IMPORTANTE:&nbsp;\u00danicamente podr\u00e1 renunciar a impartir docencia biling\u00fce el personal que&#46;&#46;&#46;<\/p>\n","protected":false},"author":8062,"featured_media":8834,"comment_status":"open","ping_status":"open","sticky":false,"template":"","format":"standard","meta":{"ngg_post_thumbnail":0,"footnotes":""},"categories":[11909],"tags":[],"aioseo_notices":[],"_links":{"self":[{"href":"https:\/\/blogsaverroes.juntadeandalucia.es\/plurilinguismodelegacionmalaga\/wp-json\/wp\/v2\/posts\/9034"}],"collection":[{"href":"https:\/\/blogsaverroes.juntadeandalucia.es\/plurilinguismodelegacionmalaga\/wp-json\/wp\/v2\/posts"}],"about":[{"href":"https:\/\/blogsaverroes.juntadeandalucia.es\/plurilinguismodelegacionmalaga\/wp-json\/wp\/v2\/types\/post"}],"author":[{"embeddable":true,"href":"https:\/\/blogsaverroes.juntadeandalucia.es\/plurilinguismodelegacionmalaga\/wp-json\/wp\/v2\/users\/8062"}],"replies":[{"embeddable":true,"href":"https:\/\/blogsaverroes.juntadeandalucia.es\/plurilinguismodelegacionmalaga\/wp-json\/wp\/v2\/comments?post=9034"}],"version-history":[{"count":5,"href":"https:\/\/blogsaverroes.juntadeandalucia.es\/plurilinguismodelegacionmalaga\/wp-json\/wp\/v2\/posts\/9034\/revisions"}],"predecessor-version":[{"id":9056,"href":"https:\/\/blogsaverroes.juntadeandalucia.es\/plurilinguismodelegacionmalaga\/wp-json\/wp\/v2\/posts\/9034\/revisions\/9056"}],"wp:featuredmedia":[{"embeddable":true,"href":"https:\/\/blogsaverroes.juntadeandalucia.es\/plurilinguismodelegacionmalaga\/wp-json\/wp\/v2\/media\/8834"}],"wp:attachment":[{"href":"https:\/\/blogsaverroes.juntadeandalucia.es\/plurilinguismodelegacionmalaga\/wp-json\/wp\/v2\/media?parent=9034"}],"wp:term":[{"taxonomy":"category","embeddable":true,"href":"https:\/\/blogsaverroes.juntadeandalucia.es\/plurilinguismodelegacionmalaga\/wp-json\/wp\/v2\/categories?post=9034"},{"taxonomy":"post_tag","embeddable":true,"href":"https:\/\/blogsaverroes.juntadeandalucia.es\/plurilinguismodelegacionmalaga\/wp-json\/wp\/v2\/tags?post=9034"}],"curies":[{"name":"wp","href":"https:\/\/api.w.org\/{rel}","templated":true}]}}