{"id":9048,"date":"2021-04-28T10:23:49","date_gmt":"2021-04-28T08:23:49","guid":{"rendered":"https:\/\/blogsaverroes.juntadeandalucia.es\/plurilinguismodelegacionmalaga\/?p=9048"},"modified":"2021-04-28T10:23:49","modified_gmt":"2021-04-28T08:23:49","slug":"el-ies-de-huelin-recibe-la-acreditacion-erasmus","status":"publish","type":"post","link":"https:\/\/blogsaverroes.juntadeandalucia.es\/plurilinguismodelegacionmalaga\/2021\/04\/28\/el-ies-de-huelin-recibe-la-acreditacion-erasmus\/","title":{"rendered":"El IES de Huelin recibe la Acreditaci\u00f3n Erasmus"},"content":{"rendered":"<p>Nuestra m\u00e1s sincera felicitaci\u00f3n al&nbsp; IES Huelin de M\u00e1laga que ha recibido la acreditaci\u00f3n Erasmus, lo que significa que podr\u00e1 solicitar <b>fondos financiados por la Uni\u00f3n Europea<\/b> mediante la presentaci\u00f3n de un plan de actividades cada curso acad\u00e9mico durante el periodo 2021-27, con el objetivo principal de promover la internacionalizaci\u00f3n y mejora del centro.<\/p>\n<p><img loading=\"lazy\" decoding=\"async\" class=\" wp-image-9049 alignleft\" src=\"https:\/\/blogsaverroes.juntadeandalucia.es\/plurilinguismodelegacionmalaga\/files\/2021\/04\/cabeceraieshuelin.jpg\" alt=\"\" width=\"926\" height=\"73\" srcset=\"https:\/\/blogsaverroes.juntadeandalucia.es\/plurilinguismodelegacionmalaga\/files\/2021\/04\/cabeceraieshuelin.jpg 1903w, https:\/\/blogsaverroes.juntadeandalucia.es\/plurilinguismodelegacionmalaga\/files\/2021\/04\/cabeceraieshuelin-300x24.jpg 300w, https:\/\/blogsaverroes.juntadeandalucia.es\/plurilinguismodelegacionmalaga\/files\/2021\/04\/cabeceraieshuelin-1024x81.jpg 1024w, https:\/\/blogsaverroes.juntadeandalucia.es\/plurilinguismodelegacionmalaga\/files\/2021\/04\/cabeceraieshuelin-768x61.jpg 768w, https:\/\/blogsaverroes.juntadeandalucia.es\/plurilinguismodelegacionmalaga\/files\/2021\/04\/cabeceraieshuelin-1536x121.jpg 1536w\" sizes=\"(max-width: 926px) 100vw, 926px\" \/><\/p>\n<p>&nbsp;<\/p>\n<p>&nbsp;<\/p>\n<p>&nbsp;<\/p>\n<p>La acreditaci\u00f3n Erasmus es una herramienta para las organizaciones de educaci\u00f3n y formaci\u00f3n (en los \u00e1mbitos de la educaci\u00f3n de adultos, la educaci\u00f3n y formaci\u00f3n profesionales y la educaci\u00f3n escolar) que desean abrirse al intercambio y la cooperaci\u00f3n transfronterizos. La concesi\u00f3n de la acreditaci\u00f3n Erasmus confirma que el solicitante ha establecido un plan para ejecutar actividades de movilidad de alta calidad en el marco de una iniciativa m\u00e1s amplia de desarrollo de su organizaci\u00f3n.<\/p>\n<p>Las organizaciones interesadas pueden solicitar una acreditaci\u00f3n Erasmus individual para su organizaci\u00f3n o una acreditaci\u00f3n Erasmus para coordinadores de consorcios de movilidad. No se requiere experiencia previa en Erasmus+ (2014-2020) para poder presentar una solicitud.<\/p>\n<p>Adem\u00e1s, al presentarse a esta convocatoria, las organizaciones titulares de una&nbsp;<strong>Carta de Movilidad Erasmus+ de FP<\/strong>&nbsp;v\u00e1lida podr\u00e1n transferir su acreditaci\u00f3n al futuro programa. Estas organizaciones pueden solicitar un procedimiento simplificado espec\u00edfico para los titulares de la Carta de Movilidad de FP. En el marco de esta convocatoria, los titulares de una Carta de Movilidad de FP podr\u00e1n recibir un distintivo de excelencia en reconocimiento de su trabajo y dedicaci\u00f3n a la calidad.<\/p>\n<p>Las organizaciones con acreditaci\u00f3n Erasmus obtendr\u00e1n un acceso simplificado a las oportunidades de financiaci\u00f3n de la Acci\u00f3n Clave 1 en el marco del futuro programa (2021-2027).<\/p>\n<h3>Agencias nacionales<\/h3>\n<p>Las agencias nacionales gestionan esta convocatoria en cada pa\u00eds del programa. Para m\u00e1s informaci\u00f3n, visite la&nbsp;<a href=\"https:\/\/ec.europa.eu\/programmes\/erasmus-plus\/contact\/national-agencies_es\">web de su Agencia Nacional<\/a>.<\/p>\n<h3>C\u00f3mo solicitarla<\/h3>\n<p><a href=\"https:\/\/webgate.ec.europa.eu\/erasmus-applications\/screen\/home\">Acceder al formulario de solicitud de la acreditaci\u00f3n Erasmus<\/a>&nbsp;(EU Login requerido; puede&nbsp;<a href=\"https:\/\/webgate.ec.europa.eu\/cas\/eim\/external\/register.cgi\">crear una cuenta<\/a>&nbsp;si no tiene una).<\/p>\n<h3>Documentos<\/h3>\n<p><a href=\"https:\/\/ec.europa.eu\/programmes\/erasmus-plus\/sites\/default\/files\/eac-a02-2020-rules-application_es.pdf\">Normas de solicitud<\/a><\/p>\n<p><a href=\"https:\/\/ec.europa.eu\/programmes\/erasmus-plus\/sites\/default\/files\/eac-a02-2020-quality-standards_es.pdf\">Normas de calidad Erasmus<\/a><\/p>\n","protected":false},"excerpt":{"rendered":"<p>Nuestra m\u00e1s sincera felicitaci\u00f3n al&nbsp; IES Huelin de M\u00e1laga que ha recibido la acreditaci\u00f3n Erasmus, lo que significa que podr\u00e1 solicitar fondos financiados por la Uni\u00f3n Europea mediante la presentaci\u00f3n de un plan de&#46;&#46;&#46;<\/p>\n","protected":false},"author":8062,"featured_media":9050,"comment_status":"open","ping_status":"open","sticky":false,"template":"","format":"standard","meta":{"ngg_post_thumbnail":0,"footnotes":""},"categories":[11909],"tags":[],"aioseo_notices":[],"_links":{"self":[{"href":"https:\/\/blogsaverroes.juntadeandalucia.es\/plurilinguismodelegacionmalaga\/wp-json\/wp\/v2\/posts\/9048"}],"collection":[{"href":"https:\/\/blogsaverroes.juntadeandalucia.es\/plurilinguismodelegacionmalaga\/wp-json\/wp\/v2\/posts"}],"about":[{"href":"https:\/\/blogsaverroes.juntadeandalucia.es\/plurilinguismodelegacionmalaga\/wp-json\/wp\/v2\/types\/post"}],"author":[{"embeddable":true,"href":"https:\/\/blogsaverroes.juntadeandalucia.es\/plurilinguismodelegacionmalaga\/wp-json\/wp\/v2\/users\/8062"}],"replies":[{"embeddable":true,"href":"https:\/\/blogsaverroes.juntadeandalucia.es\/plurilinguismodelegacionmalaga\/wp-json\/wp\/v2\/comments?post=9048"}],"version-history":[{"count":1,"href":"https:\/\/blogsaverroes.juntadeandalucia.es\/plurilinguismodelegacionmalaga\/wp-json\/wp\/v2\/posts\/9048\/revisions"}],"predecessor-version":[{"id":9051,"href":"https:\/\/blogsaverroes.juntadeandalucia.es\/plurilinguismodelegacionmalaga\/wp-json\/wp\/v2\/posts\/9048\/revisions\/9051"}],"wp:featuredmedia":[{"embeddable":true,"href":"https:\/\/blogsaverroes.juntadeandalucia.es\/plurilinguismodelegacionmalaga\/wp-json\/wp\/v2\/media\/9050"}],"wp:attachment":[{"href":"https:\/\/blogsaverroes.juntadeandalucia.es\/plurilinguismodelegacionmalaga\/wp-json\/wp\/v2\/media?parent=9048"}],"wp:term":[{"taxonomy":"category","embeddable":true,"href":"https:\/\/blogsaverroes.juntadeandalucia.es\/plurilinguismodelegacionmalaga\/wp-json\/wp\/v2\/categories?post=9048"},{"taxonomy":"post_tag","embeddable":true,"href":"https:\/\/blogsaverroes.juntadeandalucia.es\/plurilinguismodelegacionmalaga\/wp-json\/wp\/v2\/tags?post=9048"}],"curies":[{"name":"wp","href":"https:\/\/api.w.org\/{rel}","templated":true}]}}