{"id":9087,"date":"2021-05-27T11:54:57","date_gmt":"2021-05-27T09:54:57","guid":{"rendered":"https:\/\/blogsaverroes.juntadeandalucia.es\/plurilinguismodelegacionmalaga\/?p=9087"},"modified":"2021-06-17T11:56:53","modified_gmt":"2021-06-17T09:56:53","slug":"memoria-anual-programa-bilingue-2020-2021","status":"publish","type":"post","link":"https:\/\/blogsaverroes.juntadeandalucia.es\/plurilinguismodelegacionmalaga\/2021\/05\/27\/memoria-anual-programa-bilingue-2020-2021\/","title":{"rendered":"Memoria Anual Programa Biling\u00fce 2020\/2021"},"content":{"rendered":"<p>La <strong>MEMORIA ANUAL DE EVALUACI\u00d3N<\/strong> se cumplimentar\u00e1 desde S\u00e9neca.<\/p>\n<p>La debe cumplimentar la persona coordinadora del Programa Biling\u00fce.&nbsp;<\/p>\n<p>El plazo permanecer\u00e1 abierto hasta el pr\u00f3ximo <strong>30 de junio<\/strong>&nbsp;de 2021 inclusive.<\/p>\n<div>\n<div class=\"pre\">\n<div class=\"pre\">Dada la obligatoriedad de este tr\u00e1mite, es imprescindible su cumplimentaci\u00f3n para la obtenci\u00f3n de su posterior certificaci\u00f3n de participaci\u00f3n.<\/div>\n<div class=\"pre\">&nbsp;<\/div>\n<div class=\"pre\">La ruta es la siguiente:<\/div>\n<div class=\"pre\">&nbsp;<\/div>\n<div class=\"pre\"><strong>Centro\/ Planes y Programa Educativos \/Programa de Centro Biling\u00fce\/Memorias anuales\/ Seleccionar el a\u00f1o acad\u00e9mico 2020\/2021\/Memoria final\/ cumplimentar.<\/strong><\/div>\n<\/div>\n<\/div>\n<div>&nbsp;<\/div>\n<div>TUTORIAL: <a href=\"https:\/\/blogsaverroes.juntadeandalucia.es\/plurilinguismodelegacionmalaga\/files\/2021\/05\/TUTORIAL-CERTIFICACI\u00d3N-PROFESORADO-1.pdf\">TUTORIAL CERTIFICACI\u00d3N PROFESORADO-1<\/a><\/div>\n<div><a href=\"https:\/\/blogsaverroes.juntadeandalucia.es\/plurilinguismodelegacionmalaga\/files\/2021\/05\/indicaciones-certificados-alumnado-biling\u00fce1.pdf\">indicaciones-certificados-alumnado-biling\u00fce1<\/a><\/div>\n","protected":false},"excerpt":{"rendered":"<p>La MEMORIA ANUAL DE EVALUACI\u00d3N se cumplimentar\u00e1 desde S\u00e9neca. La debe cumplimentar la persona coordinadora del Programa Biling\u00fce.&nbsp; El plazo permanecer\u00e1 abierto hasta el pr\u00f3ximo 30 de junio&nbsp;de 2021 inclusive. Dada la obligatoriedad de&#46;&#46;&#46;<\/p>\n","protected":false},"author":8062,"featured_media":9088,"comment_status":"open","ping_status":"open","sticky":false,"template":"","format":"standard","meta":{"ngg_post_thumbnail":0,"footnotes":""},"categories":[11909],"tags":[],"aioseo_notices":[],"_links":{"self":[{"href":"https:\/\/blogsaverroes.juntadeandalucia.es\/plurilinguismodelegacionmalaga\/wp-json\/wp\/v2\/posts\/9087"}],"collection":[{"href":"https:\/\/blogsaverroes.juntadeandalucia.es\/plurilinguismodelegacionmalaga\/wp-json\/wp\/v2\/posts"}],"about":[{"href":"https:\/\/blogsaverroes.juntadeandalucia.es\/plurilinguismodelegacionmalaga\/wp-json\/wp\/v2\/types\/post"}],"author":[{"embeddable":true,"href":"https:\/\/blogsaverroes.juntadeandalucia.es\/plurilinguismodelegacionmalaga\/wp-json\/wp\/v2\/users\/8062"}],"replies":[{"embeddable":true,"href":"https:\/\/blogsaverroes.juntadeandalucia.es\/plurilinguismodelegacionmalaga\/wp-json\/wp\/v2\/comments?post=9087"}],"version-history":[{"count":4,"href":"https:\/\/blogsaverroes.juntadeandalucia.es\/plurilinguismodelegacionmalaga\/wp-json\/wp\/v2\/posts\/9087\/revisions"}],"predecessor-version":[{"id":9129,"href":"https:\/\/blogsaverroes.juntadeandalucia.es\/plurilinguismodelegacionmalaga\/wp-json\/wp\/v2\/posts\/9087\/revisions\/9129"}],"wp:featuredmedia":[{"embeddable":true,"href":"https:\/\/blogsaverroes.juntadeandalucia.es\/plurilinguismodelegacionmalaga\/wp-json\/wp\/v2\/media\/9088"}],"wp:attachment":[{"href":"https:\/\/blogsaverroes.juntadeandalucia.es\/plurilinguismodelegacionmalaga\/wp-json\/wp\/v2\/media?parent=9087"}],"wp:term":[{"taxonomy":"category","embeddable":true,"href":"https:\/\/blogsaverroes.juntadeandalucia.es\/plurilinguismodelegacionmalaga\/wp-json\/wp\/v2\/categories?post=9087"},{"taxonomy":"post_tag","embeddable":true,"href":"https:\/\/blogsaverroes.juntadeandalucia.es\/plurilinguismodelegacionmalaga\/wp-json\/wp\/v2\/tags?post=9087"}],"curies":[{"name":"wp","href":"https:\/\/api.w.org\/{rel}","templated":true}]}}