{"id":9131,"date":"2021-07-07T13:25:03","date_gmt":"2021-07-07T11:25:03","guid":{"rendered":"https:\/\/blogsaverroes.juntadeandalucia.es\/plurilinguismodelegacionmalaga\/?p=9131"},"modified":"2021-07-07T13:25:03","modified_gmt":"2021-07-07T11:25:03","slug":"el-teatro-y-el-cine-unen-al-ies-vega-de-mijas-con-dos-institutos-europeos-en-un-proyecto-e-twinning","status":"publish","type":"post","link":"https:\/\/blogsaverroes.juntadeandalucia.es\/plurilinguismodelegacionmalaga\/2021\/07\/07\/el-teatro-y-el-cine-unen-al-ies-vega-de-mijas-con-dos-institutos-europeos-en-un-proyecto-e-twinning\/","title":{"rendered":"El teatro y el cine unen al IES Vega de Mijas con dos institutos europeos en un proyecto e-Twinning"},"content":{"rendered":"<p>El teatro y el cine unen al IES Vega de Mijas con dos institutos europeos en un proyecto e-Twinning:<\/p>\n<p>105 alumnos y 3 profesores de 3 institutos de Espa\u00f1a y Francia han participado en el proyecto \u201cCompa\u00f1\u00eda Sonrisas y L\u00e1grimas\u201d dentro del programa eTwinning de la Uni\u00f3n Europea.<br \/>\nEl alumnado de 4\u00ba ESO del IES Vega de Mijas, inscrito en la asignatura de \u201cCine, Publicidad y Cultura Audiovisual\u201d, ha participado en un proyecto colaborativo online sobre teatro y cine dentro del programa e-Twinning de la Uni\u00f3n Europea junto a otros dos institutos: uno en Santander (Cantabria) y otro de Par\u00eds Francia).<br \/>\nA trav\u00e9s de las nuevas tecnolog\u00edas, videoconferencias en clase y un espacio de trabajo colaborativo en l\u00ednea (Twinspace), los alumnos mije\u00f1os han hecho un variado n\u00famero de actividades a lo largo del curso 2020-2021. As\u00ed, por ejemplo, estos alumnos de 4\u00baESO han grabado v\u00eddeos para ense\u00f1ar a los franceses y santanderinos el lenguaje audiovisual de planos y \u00e1ngulos que aprendieron en las clase de Cine, han creado logotipos y avatares o han puesto la voz a escenas de La casa de Bernarda Alba de Federico Garc\u00eda Lorca para as\u00ed ense\u00f1ar espa\u00f1ol a los estudiantes franceses.<img loading=\"lazy\" decoding=\"async\" class=\"size-full wp-image-9132 aligncenter\" src=\"https:\/\/blogsaverroes.juntadeandalucia.es\/plurilinguismodelegacionmalaga\/files\/2021\/07\/Publicitando-las-ciudades-Etwinning.jpg\" alt=\"\" width=\"2082\" height=\"1200\" srcset=\"https:\/\/blogsaverroes.juntadeandalucia.es\/plurilinguismodelegacionmalaga\/files\/2021\/07\/Publicitando-las-ciudades-Etwinning.jpg 2082w, https:\/\/blogsaverroes.juntadeandalucia.es\/plurilinguismodelegacionmalaga\/files\/2021\/07\/Publicitando-las-ciudades-Etwinning-300x173.jpg 300w, https:\/\/blogsaverroes.juntadeandalucia.es\/plurilinguismodelegacionmalaga\/files\/2021\/07\/Publicitando-las-ciudades-Etwinning-1024x590.jpg 1024w, https:\/\/blogsaverroes.juntadeandalucia.es\/plurilinguismodelegacionmalaga\/files\/2021\/07\/Publicitando-las-ciudades-Etwinning-768x443.jpg 768w, https:\/\/blogsaverroes.juntadeandalucia.es\/plurilinguismodelegacionmalaga\/files\/2021\/07\/Publicitando-las-ciudades-Etwinning-1536x885.jpg 1536w, https:\/\/blogsaverroes.juntadeandalucia.es\/plurilinguismodelegacionmalaga\/files\/2021\/07\/Publicitando-las-ciudades-Etwinning-2048x1180.jpg 2048w\" sizes=\"(max-width: 2082px) 100vw, 2082px\" \/><\/p>\n","protected":false},"excerpt":{"rendered":"<p>El teatro y el cine unen al IES Vega de Mijas con dos institutos europeos en un proyecto e-Twinning: 105 alumnos y 3 profesores de 3 institutos de Espa\u00f1a y Francia han participado en&#46;&#46;&#46;<\/p>\n","protected":false},"author":8062,"featured_media":9133,"comment_status":"open","ping_status":"open","sticky":false,"template":"","format":"standard","meta":{"ngg_post_thumbnail":0,"footnotes":""},"categories":[11909],"tags":[],"aioseo_notices":[],"_links":{"self":[{"href":"https:\/\/blogsaverroes.juntadeandalucia.es\/plurilinguismodelegacionmalaga\/wp-json\/wp\/v2\/posts\/9131"}],"collection":[{"href":"https:\/\/blogsaverroes.juntadeandalucia.es\/plurilinguismodelegacionmalaga\/wp-json\/wp\/v2\/posts"}],"about":[{"href":"https:\/\/blogsaverroes.juntadeandalucia.es\/plurilinguismodelegacionmalaga\/wp-json\/wp\/v2\/types\/post"}],"author":[{"embeddable":true,"href":"https:\/\/blogsaverroes.juntadeandalucia.es\/plurilinguismodelegacionmalaga\/wp-json\/wp\/v2\/users\/8062"}],"replies":[{"embeddable":true,"href":"https:\/\/blogsaverroes.juntadeandalucia.es\/plurilinguismodelegacionmalaga\/wp-json\/wp\/v2\/comments?post=9131"}],"version-history":[{"count":1,"href":"https:\/\/blogsaverroes.juntadeandalucia.es\/plurilinguismodelegacionmalaga\/wp-json\/wp\/v2\/posts\/9131\/revisions"}],"predecessor-version":[{"id":9134,"href":"https:\/\/blogsaverroes.juntadeandalucia.es\/plurilinguismodelegacionmalaga\/wp-json\/wp\/v2\/posts\/9131\/revisions\/9134"}],"wp:featuredmedia":[{"embeddable":true,"href":"https:\/\/blogsaverroes.juntadeandalucia.es\/plurilinguismodelegacionmalaga\/wp-json\/wp\/v2\/media\/9133"}],"wp:attachment":[{"href":"https:\/\/blogsaverroes.juntadeandalucia.es\/plurilinguismodelegacionmalaga\/wp-json\/wp\/v2\/media?parent=9131"}],"wp:term":[{"taxonomy":"category","embeddable":true,"href":"https:\/\/blogsaverroes.juntadeandalucia.es\/plurilinguismodelegacionmalaga\/wp-json\/wp\/v2\/categories?post=9131"},{"taxonomy":"post_tag","embeddable":true,"href":"https:\/\/blogsaverroes.juntadeandalucia.es\/plurilinguismodelegacionmalaga\/wp-json\/wp\/v2\/tags?post=9131"}],"curies":[{"name":"wp","href":"https:\/\/api.w.org\/{rel}","templated":true}]}}