{"id":9210,"date":"2021-09-27T08:35:25","date_gmt":"2021-09-27T06:35:25","guid":{"rendered":"https:\/\/blogsaverroes.juntadeandalucia.es\/plurilinguismodelegacionmalaga\/?p=9210"},"modified":"2021-09-27T08:35:25","modified_gmt":"2021-09-27T06:35:25","slug":"recursos-para-la-gestion-de-la-ensenanza-bilingue","status":"publish","type":"post","link":"https:\/\/blogsaverroes.juntadeandalucia.es\/plurilinguismodelegacionmalaga\/2021\/09\/27\/recursos-para-la-gestion-de-la-ensenanza-bilingue\/","title":{"rendered":"Recursos para la gesti\u00f3n de la ense\u00f1anza biling\u00fce"},"content":{"rendered":"<p><span style=\"font-family: 'trebuchet ms', geneva, sans-serif;font-size: 14pt\">Recursos para la gesti\u00f3n de la ense\u00f1anza biling\u00fce:<\/span><\/p>\n<p class=\"western\"><span style=\"font-family: 'trebuchet ms', geneva, sans-serif;font-size: 14pt\"><span style=\"font-size: large\"><b>S\u00e9neca y Fondo Social Europeo<\/b><\/span><\/span><\/p>\n<p class=\"western\"><span style=\"color: #0563c1;font-family: 'trebuchet ms', geneva, sans-serif;font-size: 14pt\"><u><a href=\"https:\/\/www.youtube.com\/watch?v=gMWK0nYxPnM&amp;feature=emb_logo\">https:\/\/www.youtube.com\/watch?v=gMWK0nYxPnM&amp;feature=emb_logo<\/a><\/u><\/span><\/p>\n<p class=\"western\"><span style=\"color: #455a64;font-family: 'trebuchet ms', geneva, sans-serif;font-size: 14pt\"><b>Formaci\u00f3n del Profesorado en el \u00e1rea de Pluriling\u00fcismo y Programas Europeos<\/b><\/span><\/p>\n<p class=\"western\"><span style=\"color: #0563c1;font-family: 'trebuchet ms', geneva, sans-serif;font-size: 14pt\"><u><a href=\"https:\/\/www.youtube.com\/watch?v=BFqQ3GFlpc4&amp;feature=emb_logo\">https:\/\/www.youtube.com\/watch?v=BFqQ3GFlpc4&amp;feature=emb_logo<\/a><\/u><\/span><\/p>\n<p class=\"western\"><span style=\"font-size: 14pt;font-family: 'trebuchet ms', geneva, sans-serif\"><b>Internacionalizaci\u00f3n Erasmus+ etwinning <\/b><\/span><\/p>\n<p class=\"western\"><span style=\"color: #0563c1;font-family: 'trebuchet ms', geneva, sans-serif;font-size: 14pt\"><u><a href=\"https:\/\/www.youtube.com\/watch?v=WEPRSQH0PiU&amp;feature=emb_logo\">https:\/\/www.youtube.com\/watch?v=WEPRSQH0PiU&amp;feature=emb_logo<\/a><\/u><\/span><\/p>\n<h4 class=\"western\"><span style=\"font-family: 'trebuchet ms', geneva, sans-serif;font-size: 14pt\"><b><span style=\"color: #455a64\">Buenas pr\u00e1cticas. Trabajo con auxiliares de conversaci\u00f3n<\/span><\/b><\/span><\/h4>\n<p class=\"western\"><span style=\"color: #0563c1;font-family: 'trebuchet ms', geneva, sans-serif;font-size: 14pt\"><u><a href=\"https:\/\/www.youtube.com\/watch?v=T649N5RnGiI&amp;feature=emb_logo\">https:\/\/www.youtube.com\/watch?v=T649N5RnGiI&amp;feature=emb_logo<\/a><\/u><\/span><\/p>\n<h4 class=\"western\"><span style=\"font-family: 'trebuchet ms', geneva, sans-serif;font-size: 14pt\"><b><span style=\"color: #455a64\">Recursos y herramientas<\/span><\/b><\/span><\/h4>\n<p class=\"western\"><span style=\"color: #0563c1;font-family: 'trebuchet ms', geneva, sans-serif;font-size: 14pt\"><u><a href=\"https:\/\/www.youtube.com\/watch?v=k6pUsq4H9pA&amp;feature=emb_logo\">https:\/\/www.youtube.com\/watch?v=k6pUsq4H9pA&amp;feature=emb_logo<\/a><\/u><\/span><\/p>\n<p class=\"western\"><span style=\"font-family: 'trebuchet ms', geneva, sans-serif;font-size: 14pt\"><span style=\"font-size: large\">Atenci\u00f3n<\/span>&nbsp;a la diversidad<\/span><\/p>\n<p class=\"western\"><span style=\"color: #0563c1;font-family: 'trebuchet ms', geneva, sans-serif;font-size: 14pt\"><u><a href=\"https:\/\/www.youtube.com\/watch?v=M1qcgmnD6c8&amp;feature=emb_logo\">https:\/\/www.youtube.com\/watch?v=M1qcgmnD6c8&amp;feature=emb_logo<\/a><\/u><\/span><\/p>\n<h4 class=\"western\"><span style=\"font-family: 'trebuchet ms', geneva, sans-serif;font-size: 14pt\"><b><span style=\"color: #455a64\">AICLE y evaluaci\u00f3n<\/span><\/b><\/span><\/h4>\n<p class=\"western\"><span style=\"color: #0563c1;font-family: 'trebuchet ms', geneva, sans-serif;font-size: 14pt\"><u><a href=\"https:\/\/www.youtube.com\/watch?v=k7wMkClJlxU&amp;feature=emb_logo\">https:\/\/www.youtube.com\/watch?v=k7wMkClJlxU&amp;feature=emb_logo<\/a><\/u><\/span><\/p>\n<p class=\"western\">&nbsp;<\/p>\n","protected":false},"excerpt":{"rendered":"<p>Recursos para la gesti\u00f3n de la ense\u00f1anza biling\u00fce: S\u00e9neca y Fondo Social Europeo https:\/\/www.youtube.com\/watch?v=gMWK0nYxPnM&amp;feature=emb_logo Formaci\u00f3n del Profesorado en el \u00e1rea de Pluriling\u00fcismo y Programas Europeos https:\/\/www.youtube.com\/watch?v=BFqQ3GFlpc4&amp;feature=emb_logo Internacionalizaci\u00f3n Erasmus+ etwinning https:\/\/www.youtube.com\/watch?v=WEPRSQH0PiU&amp;feature=emb_logo Buenas pr\u00e1cticas. Trabajo con&#46;&#46;&#46;<\/p>\n","protected":false},"author":8062,"featured_media":7679,"comment_status":"open","ping_status":"open","sticky":false,"template":"","format":"standard","meta":{"ngg_post_thumbnail":0,"footnotes":""},"categories":[2284889],"tags":[],"aioseo_notices":[],"_links":{"self":[{"href":"https:\/\/blogsaverroes.juntadeandalucia.es\/plurilinguismodelegacionmalaga\/wp-json\/wp\/v2\/posts\/9210"}],"collection":[{"href":"https:\/\/blogsaverroes.juntadeandalucia.es\/plurilinguismodelegacionmalaga\/wp-json\/wp\/v2\/posts"}],"about":[{"href":"https:\/\/blogsaverroes.juntadeandalucia.es\/plurilinguismodelegacionmalaga\/wp-json\/wp\/v2\/types\/post"}],"author":[{"embeddable":true,"href":"https:\/\/blogsaverroes.juntadeandalucia.es\/plurilinguismodelegacionmalaga\/wp-json\/wp\/v2\/users\/8062"}],"replies":[{"embeddable":true,"href":"https:\/\/blogsaverroes.juntadeandalucia.es\/plurilinguismodelegacionmalaga\/wp-json\/wp\/v2\/comments?post=9210"}],"version-history":[{"count":2,"href":"https:\/\/blogsaverroes.juntadeandalucia.es\/plurilinguismodelegacionmalaga\/wp-json\/wp\/v2\/posts\/9210\/revisions"}],"predecessor-version":[{"id":9212,"href":"https:\/\/blogsaverroes.juntadeandalucia.es\/plurilinguismodelegacionmalaga\/wp-json\/wp\/v2\/posts\/9210\/revisions\/9212"}],"wp:featuredmedia":[{"embeddable":true,"href":"https:\/\/blogsaverroes.juntadeandalucia.es\/plurilinguismodelegacionmalaga\/wp-json\/wp\/v2\/media\/7679"}],"wp:attachment":[{"href":"https:\/\/blogsaverroes.juntadeandalucia.es\/plurilinguismodelegacionmalaga\/wp-json\/wp\/v2\/media?parent=9210"}],"wp:term":[{"taxonomy":"category","embeddable":true,"href":"https:\/\/blogsaverroes.juntadeandalucia.es\/plurilinguismodelegacionmalaga\/wp-json\/wp\/v2\/categories?post=9210"},{"taxonomy":"post_tag","embeddable":true,"href":"https:\/\/blogsaverroes.juntadeandalucia.es\/plurilinguismodelegacionmalaga\/wp-json\/wp\/v2\/tags?post=9210"}],"curies":[{"name":"wp","href":"https:\/\/api.w.org\/{rel}","templated":true}]}}