{"id":9289,"date":"2021-11-05T10:12:01","date_gmt":"2021-11-05T09:12:01","guid":{"rendered":"https:\/\/blogsaverroes.juntadeandalucia.es\/plurilinguismodelegacionmalaga\/?p=9289"},"modified":"2021-11-12T11:55:18","modified_gmt":"2021-11-12T10:55:18","slug":"halloweek-en-el-ceip-benyamina","status":"publish","type":"post","link":"https:\/\/blogsaverroes.juntadeandalucia.es\/plurilinguismodelegacionmalaga\/2021\/11\/05\/halloweek-en-el-ceip-benyamina\/","title":{"rendered":"HALLOWEEK EN EL CEIP BENYAMINA"},"content":{"rendered":"<p class=\"western\" align=\"justify\"><span style=\"font-family: arial, helvetica, sans-serif;font-size: 12pt;color: #333333\">Halloween ha sido celebrado en el CEIP Benyamina durante toda la semana a trav\u00e9s de diferentes actividades tem\u00e1ticas que han hecho del aprendizaje diario un juego divertido, permitiendo adem\u00e1s, que nuestros\/as peques puedan practicar el ingl\u00e9s, acerc\u00e1ndolos\/as as\u00ed un poco m\u00e1s al aspecto cultural asociado a dicha lengua. <\/span><\/p>\n<p class=\"western\" align=\"justify\"><span style=\"font-family: arial, helvetica, sans-serif;font-size: 12pt;color: #333333\">Durante los d\u00edas 25, 26 y 27, el auxiliar de conversaci\u00f3n pas\u00f3 por las clases de Infantil y Primaria.<span lang=\"es-ES\"> Con el alumnado m\u00e1s peque\u00f1o de nuestro centro, trabaj\u00f3 el vocabulario b\u00e1sico relativo a esta festividad, as\u00ed como una canci\u00f3n y un baile en Ingl\u00e9s. En las dem\u00e1s clases, hizo una presentaci\u00f3n sobre c\u00f3mo se celebraba Halloween en su pa\u00eds, EEUU, para trabajar la parte oral y cultural. Tras ello, realiz\u00f3 preguntas para fomentar que el alumnado usase el ingl\u00e9s para expresarse. <\/span><\/span><\/p>\n<p class=\"western\" align=\"justify\"><span style=\"font-family: arial, helvetica, sans-serif;font-size: 12pt;color: #333333\"><span lang=\"es-ES\">El d\u00eda 28 se celebr\u00f3 el \u201cI Concurso de gorros\u201d. C<\/span>on la creatividad como protagonista, la celebraci\u00f3n de Halloween se ha traducido en un sinf\u00edn de manifestaciones art\u00edsticas recicladas realizadas por nuestros\/as alumnos\/as y las familias del colegio. <\/span><\/p>\n<p class=\"western\" align=\"justify\"><span style=\"color: #333333;font-family: arial, helvetica, sans-serif;font-size: 12pt\">Los\/as ganadores\/as de cada ciclo (Infantil, Aula Espec\u00edfica, Primer Ciclo, Segundo Ciclo y Tercer Ciclo) recibieron un libro con historias terror\u00edficas gracias a la colaboraci\u00f3n de la Coordinaci\u00f3n de la Biblioteca.<\/span><\/p>\n<p class=\"western\" align=\"justify\"><span style=\"color: #333333;font-family: arial, helvetica, sans-serif;font-size: 12pt\"><span lang=\"es-ES\">Por supuesto, nuestra semana de Halloween culmin\u00f3 con una jornada escolar en la que peque\u00f1os\/as y adultos\/as pasaron una jornada escolar luciendo sus mejores y originales disfraces de Halloween para, como manda la tradici\u00f3n, ahuyentar a los malos esp\u00edritus.<\/span><\/span><\/p>\n<p class=\"western\" align=\"justify\"><span style=\"font-family: arial, helvetica, sans-serif;font-size: 12pt;color: #333333\"><span lang=\"es-ES\">Las familias de 4\u00ba prepararon un maravilloso teatro del que disfrut\u00f3 el alumnado del centro. Tambi\u00e9n tuvimos<\/span><span lang=\"es-ES\"> un Cineforum que se realiz\u00f3 en clase; tras el visionado de la pel\u00edcula de Halloween se realiz\u00f3 un peque\u00f1o debate, fomentando as\u00ed el desarrollo de la competencia comunicativa, contribuyendo a nuestro PLC. <\/span><\/span><\/p>\n<p class=\"western\" align=\"justify\"><span style=\"color: #333333;font-family: arial, helvetica, sans-serif;font-size: 12pt\"><span lang=\"es-ES\">Gracias al trabajo de los\/as tutores\/as con sus peques, los pasillos de nuestro colegio se llenaron de color gracias a las diversas manualidades hechas a modo de decoraci\u00f3n. Y gracias a las familias de 6\u00ba, todo el alumnado del centro pudo degustar un desayuno terror\u00edfico.<\/span><\/span><\/p>\n<p align=\"justify\"><span style=\"font-family: arial, helvetica, sans-serif;font-size: 12pt;color: #333333\">\u00a1Muchas gracias por compartir con nuestra comunidad biling\u00fce y pluriling\u00fce vuestras actividades tan terror\u00edficas! \u00a1Gran trabajo!<\/span><\/p>\n<p align=\"justify\"><img loading=\"lazy\" decoding=\"async\" class=\"alignnone size-full wp-image-9290\" src=\"https:\/\/blogsaverroes.juntadeandalucia.es\/plurilinguismodelegacionmalaga\/files\/2021\/11\/Auxiliar-1.jpg\" alt=\"\" width=\"1200\" height=\"1600\" srcset=\"https:\/\/blogsaverroes.juntadeandalucia.es\/plurilinguismodelegacionmalaga\/files\/2021\/11\/Auxiliar-1.jpg 1200w, https:\/\/blogsaverroes.juntadeandalucia.es\/plurilinguismodelegacionmalaga\/files\/2021\/11\/Auxiliar-1-225x300.jpg 225w, https:\/\/blogsaverroes.juntadeandalucia.es\/plurilinguismodelegacionmalaga\/files\/2021\/11\/Auxiliar-1-768x1024.jpg 768w, https:\/\/blogsaverroes.juntadeandalucia.es\/plurilinguismodelegacionmalaga\/files\/2021\/11\/Auxiliar-1-1152x1536.jpg 1152w\" sizes=\"(max-width: 1200px) 100vw, 1200px\" \/> <img loading=\"lazy\" decoding=\"async\" class=\"alignnone size-full wp-image-9291\" src=\"https:\/\/blogsaverroes.juntadeandalucia.es\/plurilinguismodelegacionmalaga\/files\/2021\/11\/Teatro-2.jpg\" alt=\"\" width=\"1024\" height=\"768\" srcset=\"https:\/\/blogsaverroes.juntadeandalucia.es\/plurilinguismodelegacionmalaga\/files\/2021\/11\/Teatro-2.jpg 1024w, https:\/\/blogsaverroes.juntadeandalucia.es\/plurilinguismodelegacionmalaga\/files\/2021\/11\/Teatro-2-300x225.jpg 300w, https:\/\/blogsaverroes.juntadeandalucia.es\/plurilinguismodelegacionmalaga\/files\/2021\/11\/Teatro-2-768x576.jpg 768w\" sizes=\"(max-width: 1024px) 100vw, 1024px\" \/><img loading=\"lazy\" decoding=\"async\" class=\"alignnone size-full wp-image-9293\" src=\"https:\/\/blogsaverroes.juntadeandalucia.es\/plurilinguismodelegacionmalaga\/files\/2021\/11\/Cartel-concurso.png\" alt=\"\" width=\"1414\" height=\"2000\" srcset=\"https:\/\/blogsaverroes.juntadeandalucia.es\/plurilinguismodelegacionmalaga\/files\/2021\/11\/Cartel-concurso.png 1414w, https:\/\/blogsaverroes.juntadeandalucia.es\/plurilinguismodelegacionmalaga\/files\/2021\/11\/Cartel-concurso-212x300.png 212w, https:\/\/blogsaverroes.juntadeandalucia.es\/plurilinguismodelegacionmalaga\/files\/2021\/11\/Cartel-concurso-724x1024.png 724w, https:\/\/blogsaverroes.juntadeandalucia.es\/plurilinguismodelegacionmalaga\/files\/2021\/11\/Cartel-concurso-768x1086.png 768w, https:\/\/blogsaverroes.juntadeandalucia.es\/plurilinguismodelegacionmalaga\/files\/2021\/11\/Cartel-concurso-1086x1536.png 1086w\" sizes=\"(max-width: 1414px) 100vw, 1414px\" \/><\/p>\n","protected":false},"excerpt":{"rendered":"<p>Halloween ha sido celebrado en el CEIP Benyamina durante toda la semana a trav\u00e9s de diferentes actividades tem\u00e1ticas que han hecho del aprendizaje diario un juego divertido, permitiendo adem\u00e1s, que nuestros\/as peques puedan practicar&#46;&#46;&#46;<\/p>\n","protected":false},"author":8062,"featured_media":9292,"comment_status":"open","ping_status":"open","sticky":false,"template":"","format":"standard","meta":{"ngg_post_thumbnail":0,"footnotes":""},"categories":[946,2284889],"tags":[],"aioseo_notices":[],"_links":{"self":[{"href":"https:\/\/blogsaverroes.juntadeandalucia.es\/plurilinguismodelegacionmalaga\/wp-json\/wp\/v2\/posts\/9289"}],"collection":[{"href":"https:\/\/blogsaverroes.juntadeandalucia.es\/plurilinguismodelegacionmalaga\/wp-json\/wp\/v2\/posts"}],"about":[{"href":"https:\/\/blogsaverroes.juntadeandalucia.es\/plurilinguismodelegacionmalaga\/wp-json\/wp\/v2\/types\/post"}],"author":[{"embeddable":true,"href":"https:\/\/blogsaverroes.juntadeandalucia.es\/plurilinguismodelegacionmalaga\/wp-json\/wp\/v2\/users\/8062"}],"replies":[{"embeddable":true,"href":"https:\/\/blogsaverroes.juntadeandalucia.es\/plurilinguismodelegacionmalaga\/wp-json\/wp\/v2\/comments?post=9289"}],"version-history":[{"count":4,"href":"https:\/\/blogsaverroes.juntadeandalucia.es\/plurilinguismodelegacionmalaga\/wp-json\/wp\/v2\/posts\/9289\/revisions"}],"predecessor-version":[{"id":9302,"href":"https:\/\/blogsaverroes.juntadeandalucia.es\/plurilinguismodelegacionmalaga\/wp-json\/wp\/v2\/posts\/9289\/revisions\/9302"}],"wp:featuredmedia":[{"embeddable":true,"href":"https:\/\/blogsaverroes.juntadeandalucia.es\/plurilinguismodelegacionmalaga\/wp-json\/wp\/v2\/media\/9292"}],"wp:attachment":[{"href":"https:\/\/blogsaverroes.juntadeandalucia.es\/plurilinguismodelegacionmalaga\/wp-json\/wp\/v2\/media?parent=9289"}],"wp:term":[{"taxonomy":"category","embeddable":true,"href":"https:\/\/blogsaverroes.juntadeandalucia.es\/plurilinguismodelegacionmalaga\/wp-json\/wp\/v2\/categories?post=9289"},{"taxonomy":"post_tag","embeddable":true,"href":"https:\/\/blogsaverroes.juntadeandalucia.es\/plurilinguismodelegacionmalaga\/wp-json\/wp\/v2\/tags?post=9289"}],"curies":[{"name":"wp","href":"https:\/\/api.w.org\/{rel}","templated":true}]}}