{"id":9350,"date":"2021-12-17T09:24:22","date_gmt":"2021-12-17T08:24:22","guid":{"rendered":"https:\/\/blogsaverroes.juntadeandalucia.es\/plurilinguismodelegacionmalaga\/?p=9350"},"modified":"2021-12-17T09:24:22","modified_gmt":"2021-12-17T08:24:22","slug":"educacion-reconoce-a-dos-centros-docentes-malaguenos-por-sus-buenas-practicas-en-ensenanza-bilingue","status":"publish","type":"post","link":"https:\/\/blogsaverroes.juntadeandalucia.es\/plurilinguismodelegacionmalaga\/2021\/12\/17\/educacion-reconoce-a-dos-centros-docentes-malaguenos-por-sus-buenas-practicas-en-ensenanza-bilingue\/","title":{"rendered":"Educaci\u00f3n reconoce a dos centros docentes malague\u00f1os por sus buenas pr\u00e1cticas en ense\u00f1anza biling\u00fce"},"content":{"rendered":"<p>La Consejer\u00eda de Educaci\u00f3n y Deportes&nbsp; ha reconocido, en la cuarta edici\u00f3n de los Premios de Buenas Pr\u00e1cticas en Ense\u00f1anza Biling\u00fce, a seis centros p\u00fablicos andaluces &#8220;por su labor y esfuerzo en la puesta en pr\u00e1ctica de innovadoras propuestas metodol\u00f3gicas, que posibilitan que el alumnado adquiera las destrezas ling\u00fc\u00edsticas en lenguas extranjeras necesarias para desenvolverse en el mundo actual&#8221;.<\/p>\n<p>La entrega de premios se ha celebrado en C\u00f3rdoba en el Teatro Duque de Rivas.<br \/>\n\u00a1Nuestra m\u00e1s sincera felicitaci\u00f3n a los centros malague\u00f1os premiados: Ceip Manuel Fern\u00e1ndez y el IES Pedro Espinosa!<\/p>\n<p><img loading=\"lazy\" decoding=\"async\" class=\"alignnone size-full wp-image-9351\" src=\"https:\/\/blogsaverroes.juntadeandalucia.es\/plurilinguismodelegacionmalaga\/files\/2021\/12\/IMG-20211215-WA0030.jpg\" alt=\"\" width=\"2000\" height=\"1500\"><\/p>\n<p><img loading=\"lazy\" decoding=\"async\" class=\"alignnone size-full wp-image-9353\" src=\"https:\/\/blogsaverroes.juntadeandalucia.es\/plurilinguismodelegacionmalaga\/files\/2021\/12\/IMG-20211215-WA0027.jpg\" alt=\"\" width=\"2000\" height=\"1500\"><\/p>\n","protected":false},"excerpt":{"rendered":"<p>La Consejer\u00eda de Educaci\u00f3n y Deportes&nbsp; ha reconocido, en la cuarta edici\u00f3n de los Premios de Buenas Pr\u00e1cticas en Ense\u00f1anza Biling\u00fce, a seis centros p\u00fablicos andaluces &#8220;por su labor y esfuerzo en la puesta&#46;&#46;&#46;<\/p>\n","protected":false},"author":8062,"featured_media":0,"comment_status":"open","ping_status":"open","sticky":false,"template":"","format":"standard","meta":{"ngg_post_thumbnail":0,"footnotes":""},"categories":[946,2284889,70],"tags":[],"aioseo_notices":[],"_links":{"self":[{"href":"https:\/\/blogsaverroes.juntadeandalucia.es\/plurilinguismodelegacionmalaga\/wp-json\/wp\/v2\/posts\/9350"}],"collection":[{"href":"https:\/\/blogsaverroes.juntadeandalucia.es\/plurilinguismodelegacionmalaga\/wp-json\/wp\/v2\/posts"}],"about":[{"href":"https:\/\/blogsaverroes.juntadeandalucia.es\/plurilinguismodelegacionmalaga\/wp-json\/wp\/v2\/types\/post"}],"author":[{"embeddable":true,"href":"https:\/\/blogsaverroes.juntadeandalucia.es\/plurilinguismodelegacionmalaga\/wp-json\/wp\/v2\/users\/8062"}],"replies":[{"embeddable":true,"href":"https:\/\/blogsaverroes.juntadeandalucia.es\/plurilinguismodelegacionmalaga\/wp-json\/wp\/v2\/comments?post=9350"}],"version-history":[{"count":1,"href":"https:\/\/blogsaverroes.juntadeandalucia.es\/plurilinguismodelegacionmalaga\/wp-json\/wp\/v2\/posts\/9350\/revisions"}],"predecessor-version":[{"id":9355,"href":"https:\/\/blogsaverroes.juntadeandalucia.es\/plurilinguismodelegacionmalaga\/wp-json\/wp\/v2\/posts\/9350\/revisions\/9355"}],"wp:attachment":[{"href":"https:\/\/blogsaverroes.juntadeandalucia.es\/plurilinguismodelegacionmalaga\/wp-json\/wp\/v2\/media?parent=9350"}],"wp:term":[{"taxonomy":"category","embeddable":true,"href":"https:\/\/blogsaverroes.juntadeandalucia.es\/plurilinguismodelegacionmalaga\/wp-json\/wp\/v2\/categories?post=9350"},{"taxonomy":"post_tag","embeddable":true,"href":"https:\/\/blogsaverroes.juntadeandalucia.es\/plurilinguismodelegacionmalaga\/wp-json\/wp\/v2\/tags?post=9350"}],"curies":[{"name":"wp","href":"https:\/\/api.w.org\/{rel}","templated":true}]}}