{"id":9428,"date":"2022-03-01T08:30:31","date_gmt":"2022-03-01T07:30:31","guid":{"rendered":"https:\/\/blogsaverroes.juntadeandalucia.es\/plurilinguismodelegacionmalaga\/?p=9428"},"modified":"2022-03-01T08:30:31","modified_gmt":"2022-03-01T07:30:31","slug":"colaboracion-valle-de-aosta","status":"publish","type":"post","link":"https:\/\/blogsaverroes.juntadeandalucia.es\/plurilinguismodelegacionmalaga\/2022\/03\/01\/colaboracion-valle-de-aosta\/","title":{"rendered":"Colaboraci\u00f3n Valle de Aosta"},"content":{"rendered":"<p>Os presentamos una petici\u00f3n de colaboraci\u00f3n con centros andaluces biling\u00fces de franc\u00e9s o centros Bachibac.&nbsp; Proviene de una zona italiana fronteriza con Francia y Suiza, el Valle de Aosta. Adjuntamos informaci\u00f3n por si es de vuestro inter\u00e9s.<\/p>\n<p><a href=\"https:\/\/blogsaverroes.juntadeandalucia.es\/plurilinguismodelegacionmalaga\/files\/2022\/03\/Formulaire_demande_appariement_FR_REGION-AUTONOME-VALLEE-D_AOSTE.pdf\">Formulaire_demande_appariement_FR_REGION AUTONOME VALLEE D_AOSTE<\/a><\/p>\n","protected":false},"excerpt":{"rendered":"<p>Os presentamos una petici\u00f3n de colaboraci\u00f3n con centros andaluces biling\u00fces de franc\u00e9s o centros Bachibac.&nbsp; Proviene de una zona italiana fronteriza con Francia y Suiza, el Valle de Aosta. Adjuntamos informaci\u00f3n por si es&#46;&#46;&#46;<\/p>\n","protected":false},"author":8062,"featured_media":9430,"comment_status":"open","ping_status":"open","sticky":false,"template":"","format":"standard","meta":{"ngg_post_thumbnail":0,"footnotes":""},"categories":[2284891],"tags":[],"aioseo_notices":[],"_links":{"self":[{"href":"https:\/\/blogsaverroes.juntadeandalucia.es\/plurilinguismodelegacionmalaga\/wp-json\/wp\/v2\/posts\/9428"}],"collection":[{"href":"https:\/\/blogsaverroes.juntadeandalucia.es\/plurilinguismodelegacionmalaga\/wp-json\/wp\/v2\/posts"}],"about":[{"href":"https:\/\/blogsaverroes.juntadeandalucia.es\/plurilinguismodelegacionmalaga\/wp-json\/wp\/v2\/types\/post"}],"author":[{"embeddable":true,"href":"https:\/\/blogsaverroes.juntadeandalucia.es\/plurilinguismodelegacionmalaga\/wp-json\/wp\/v2\/users\/8062"}],"replies":[{"embeddable":true,"href":"https:\/\/blogsaverroes.juntadeandalucia.es\/plurilinguismodelegacionmalaga\/wp-json\/wp\/v2\/comments?post=9428"}],"version-history":[{"count":2,"href":"https:\/\/blogsaverroes.juntadeandalucia.es\/plurilinguismodelegacionmalaga\/wp-json\/wp\/v2\/posts\/9428\/revisions"}],"predecessor-version":[{"id":9432,"href":"https:\/\/blogsaverroes.juntadeandalucia.es\/plurilinguismodelegacionmalaga\/wp-json\/wp\/v2\/posts\/9428\/revisions\/9432"}],"wp:featuredmedia":[{"embeddable":true,"href":"https:\/\/blogsaverroes.juntadeandalucia.es\/plurilinguismodelegacionmalaga\/wp-json\/wp\/v2\/media\/9430"}],"wp:attachment":[{"href":"https:\/\/blogsaverroes.juntadeandalucia.es\/plurilinguismodelegacionmalaga\/wp-json\/wp\/v2\/media?parent=9428"}],"wp:term":[{"taxonomy":"category","embeddable":true,"href":"https:\/\/blogsaverroes.juntadeandalucia.es\/plurilinguismodelegacionmalaga\/wp-json\/wp\/v2\/categories?post=9428"},{"taxonomy":"post_tag","embeddable":true,"href":"https:\/\/blogsaverroes.juntadeandalucia.es\/plurilinguismodelegacionmalaga\/wp-json\/wp\/v2\/tags?post=9428"}],"curies":[{"name":"wp","href":"https:\/\/api.w.org\/{rel}","templated":true}]}}