{"id":9478,"date":"2022-03-25T09:16:47","date_gmt":"2022-03-25T08:16:47","guid":{"rendered":"https:\/\/blogsaverroes.juntadeandalucia.es\/plurilinguismodelegacionmalaga\/?p=9478"},"modified":"2022-03-25T09:53:27","modified_gmt":"2022-03-25T08:53:27","slug":"estancias-de-inmersion-linguistica-para-el-profesorado-para-el-ano-2022","status":"publish","type":"post","link":"https:\/\/blogsaverroes.juntadeandalucia.es\/plurilinguismodelegacionmalaga\/2022\/03\/25\/estancias-de-inmersion-linguistica-para-el-profesorado-para-el-ano-2022\/","title":{"rendered":"Estancias de inmersi\u00f3n ling\u00fc\u00edstica para el profesorado para el a\u00f1o 2022"},"content":{"rendered":"<h1><a href=\"https:\/\/juntadeandalucia.es\/eboja\/2022\/58\/BOJA22-058-00007-4826-01_00258106.pdf\"><img loading=\"lazy\" decoding=\"async\" class=\"wp-image-9480 aligncenter\" src=\"https:\/\/blogsaverroes.juntadeandalucia.es\/plurilinguismodelegacionmalaga\/files\/2022\/03\/cabecera-boja-25-marzo-2022.png\" alt=\"\" width=\"677\" height=\"126\" srcset=\"https:\/\/blogsaverroes.juntadeandalucia.es\/plurilinguismodelegacionmalaga\/files\/2022\/03\/cabecera-boja-25-marzo-2022.png 1382w, https:\/\/blogsaverroes.juntadeandalucia.es\/plurilinguismodelegacionmalaga\/files\/2022\/03\/cabecera-boja-25-marzo-2022-300x56.png 300w, https:\/\/blogsaverroes.juntadeandalucia.es\/plurilinguismodelegacionmalaga\/files\/2022\/03\/cabecera-boja-25-marzo-2022-1024x190.png 1024w, https:\/\/blogsaverroes.juntadeandalucia.es\/plurilinguismodelegacionmalaga\/files\/2022\/03\/cabecera-boja-25-marzo-2022-768x143.png 768w\" sizes=\"(max-width: 677px) 100vw, 677px\" \/><\/a><\/h1>\n<h1 class=\"post-title entry-title\">Estancias de inmersi\u00f3n ling\u00fc\u00edstica para el a\u00f1o 2022<\/h1>\n<div class=\"clear\">Publicada en BOJA la <a href=\"https:\/\/juntadeandalucia.es\/eboja\/2022\/58\/BOJA22-058-00007-4826-01_00258106.pdf\">Resoluci\u00f3n de 18 de marzo de 2022, de la Direcci\u00f3n General de Ordenaci\u00f3n y Evaluaci\u00f3n Educativa, por la que se convocan plazas para realizar estancias de inmersi\u00f3n ling\u00fc\u00edstica para el profesorado con destino en los Centros P\u00fablicos Biling\u00fces dependientes de la Consejer\u00eda de Educaci\u00f3n y Deporte de la Comunidad Aut\u00f3noma de Andaluc\u00eda para el a\u00f1o 2022.<\/a><\/div>\n<div class=\"entry themeform\">\n<div class=\"entry-inner\">\n<p>&nbsp;<\/p>\n<p>Caracter\u00edsticas de las estancias:<\/p>\n<ol>\n<li>Se ofertan 238 plazas que se distribuyen de la siguiente forma: 221 plazas para la realizaci\u00f3n de estancias&nbsp; en Reino Unido e Irlanda, 15 plazas en Francia y &nbsp;2 plazas en Alemania.<\/li>\n<li>Las estancias tendr\u00e1n una duraci\u00f3n de dos semanas, que podr\u00e1n desarrollarse durante los meses de julio y agosto de 2022.<\/li>\n<li>Las estancias incluir\u00e1n la realizaci\u00f3n de un curso formativo en el idioma del pa\u00eds de destino, con un m\u00ednimo de 25 horas lectivas a la semana y dos actividades extralectivas de animaci\u00f3n sociocultural.<\/li>\n<li>Las estancias se organizar\u00e1n en grupos con un m\u00e1ximo de 15 participantes por centro formativo y turno (fecha de realizaci\u00f3n).<\/li>\n<li>Las estancias incluir\u00e1n la realizaci\u00f3n de una prueba final de acreditaci\u00f3n del nivel de competencia ling\u00fc\u00edstica de los participantes. Las pruebas se realizar\u00e1n en Andaluc\u00eda una vez finalizadas las estancias.<\/li>\n<li>La Consejer\u00eda de Educaci\u00f3n y Deporte cubrir\u00e1 los gastos de Viajes en avi\u00f3n y desplazamientos entre los aeropuertos y los lugares de alojamiento en los pa\u00edses de destino, alojamiento en residencia, manutenci\u00f3n, seguro de asistencia sanitaria, accidentes, equipaje y responsabilidad civil y curso de formaci\u00f3n.<\/li>\n<li>Los participantes deber\u00e1n cubrir sus gastos de desplazamiento en territorio nacional.&nbsp;<\/li>\n<\/ol>\n<p>Podr\u00e1n solicitar estas plazas el personal funcionario de carrera de la Junta de Andaluc\u00eda que re\u00fanan los siguientes requisitos:<\/p>\n<ul>\n<li>Hallarse en situaci\u00f3n administrativa de servicio activo.<\/li>\n<li>Ocupar un puesto docente biling\u00fce, en plantilla org\u00e1nica o de funcionamiento, en un centro p\u00fablico dependiente de la Consejer\u00eda de Educaci\u00f3n y Deporte, impartiendo \u00e1reas, materias, o m\u00f3dulos profesionales no ling\u00fc\u00edsticos.<\/li>\n<li>Solo se podr\u00e1 participar en las estancias de inmersi\u00f3n convocadas en el idioma en el que el solicitante imparta el \u00e1rea, materia, o m\u00f3dulo profesional no ling\u00fc\u00edstica.<\/li>\n<\/ul>\n<p>La solicitud podr\u00e1 presentarse telem\u00e1ticamente a trav\u00e9s del Portal Docente de la Consejer\u00eda de Educaci\u00f3n y Deporte (https:\/\/www.juntadeandalucia.es\/educaci\u00f3n\/portaldocente\/)<\/p>\n<p><strong>Plazo de presentaci\u00f3n de solicitudes: 10 d\u00edas h\u00e1biles a partir del d\u00eda siguiente al de la publicaci\u00f3n en BOJA (del 28 de marzo al 8 de abril).<\/strong><\/p>\n<\/div>\n<\/div>\n","protected":false},"excerpt":{"rendered":"<p>Estancias de inmersi\u00f3n ling\u00fc\u00edstica para el a\u00f1o 2022 Publicada en BOJA la Resoluci\u00f3n de 18 de marzo de 2022, de la Direcci\u00f3n General de Ordenaci\u00f3n y Evaluaci\u00f3n Educativa, por la que se convocan plazas&#46;&#46;&#46;<\/p>\n","protected":false},"author":8062,"featured_media":9490,"comment_status":"open","ping_status":"open","sticky":false,"template":"","format":"standard","meta":{"ngg_post_thumbnail":0,"footnotes":""},"categories":[2284893],"tags":[],"aioseo_notices":[],"_links":{"self":[{"href":"https:\/\/blogsaverroes.juntadeandalucia.es\/plurilinguismodelegacionmalaga\/wp-json\/wp\/v2\/posts\/9478"}],"collection":[{"href":"https:\/\/blogsaverroes.juntadeandalucia.es\/plurilinguismodelegacionmalaga\/wp-json\/wp\/v2\/posts"}],"about":[{"href":"https:\/\/blogsaverroes.juntadeandalucia.es\/plurilinguismodelegacionmalaga\/wp-json\/wp\/v2\/types\/post"}],"author":[{"embeddable":true,"href":"https:\/\/blogsaverroes.juntadeandalucia.es\/plurilinguismodelegacionmalaga\/wp-json\/wp\/v2\/users\/8062"}],"replies":[{"embeddable":true,"href":"https:\/\/blogsaverroes.juntadeandalucia.es\/plurilinguismodelegacionmalaga\/wp-json\/wp\/v2\/comments?post=9478"}],"version-history":[{"count":3,"href":"https:\/\/blogsaverroes.juntadeandalucia.es\/plurilinguismodelegacionmalaga\/wp-json\/wp\/v2\/posts\/9478\/revisions"}],"predecessor-version":[{"id":9491,"href":"https:\/\/blogsaverroes.juntadeandalucia.es\/plurilinguismodelegacionmalaga\/wp-json\/wp\/v2\/posts\/9478\/revisions\/9491"}],"wp:featuredmedia":[{"embeddable":true,"href":"https:\/\/blogsaverroes.juntadeandalucia.es\/plurilinguismodelegacionmalaga\/wp-json\/wp\/v2\/media\/9490"}],"wp:attachment":[{"href":"https:\/\/blogsaverroes.juntadeandalucia.es\/plurilinguismodelegacionmalaga\/wp-json\/wp\/v2\/media?parent=9478"}],"wp:term":[{"taxonomy":"category","embeddable":true,"href":"https:\/\/blogsaverroes.juntadeandalucia.es\/plurilinguismodelegacionmalaga\/wp-json\/wp\/v2\/categories?post=9478"},{"taxonomy":"post_tag","embeddable":true,"href":"https:\/\/blogsaverroes.juntadeandalucia.es\/plurilinguismodelegacionmalaga\/wp-json\/wp\/v2\/tags?post=9478"}],"curies":[{"name":"wp","href":"https:\/\/api.w.org\/{rel}","templated":true}]}}