{"id":9492,"date":"2022-03-28T09:28:47","date_gmt":"2022-03-28T07:28:47","guid":{"rendered":"https:\/\/blogsaverroes.juntadeandalucia.es\/plurilinguismodelegacionmalaga\/?p=9492"},"modified":"2022-03-28T09:33:48","modified_gmt":"2022-03-28T07:33:48","slug":"programa-de-movilidad-individual-de-alumnado-con-reciprocidad-programme-picassomob-en-francia-para-el-curso-2022-2023","status":"publish","type":"post","link":"https:\/\/blogsaverroes.juntadeandalucia.es\/plurilinguismodelegacionmalaga\/2022\/03\/28\/programa-de-movilidad-individual-de-alumnado-con-reciprocidad-programme-picassomob-en-francia-para-el-curso-2022-2023\/","title":{"rendered":"Programa de Movilidad Individual de Alumnado con Reciprocidad, Programme PicassoMob en Francia, para el curso 2022-2023"},"content":{"rendered":"<p><a href=\"https:\/\/ced.junta-andalucia.es\/educacion\/portals\/web\/ced\/novedades\/-\/contenidos\/detalle\/movilidad-individual-del-alumnado-del-alumnado-con-reciprocidad-2022\"><img loading=\"lazy\" decoding=\"async\" class=\"wp-image-9494 aligncenter\" src=\"https:\/\/blogsaverroes.juntadeandalucia.es\/plurilinguismodelegacionmalaga\/files\/2022\/03\/esp_fra_banderas-picasso-mob.jpg\" alt=\"\" width=\"414\" height=\"190\" srcset=\"https:\/\/blogsaverroes.juntadeandalucia.es\/plurilinguismodelegacionmalaga\/files\/2022\/03\/esp_fra_banderas-picasso-mob.jpg 979w, https:\/\/blogsaverroes.juntadeandalucia.es\/plurilinguismodelegacionmalaga\/files\/2022\/03\/esp_fra_banderas-picasso-mob-300x138.jpg 300w, https:\/\/blogsaverroes.juntadeandalucia.es\/plurilinguismodelegacionmalaga\/files\/2022\/03\/esp_fra_banderas-picasso-mob-768x353.jpg 768w\" sizes=\"(max-width: 414px) 100vw, 414px\" \/><\/a><\/p>\n<p>&nbsp;<\/p>\n<p>Convocado el <a href=\"https:\/\/ced.junta-andalucia.es\/educacion\/portals\/web\/ced\/novedades\/-\/contenidos\/detalle\/movilidad-individual-del-alumnado-del-alumnado-con-reciprocidad-2022\">Programa de Movilidad Individual de Alumnado con Reciprocidad para el curso 2022\/2023<\/a> entre Institutos de Ense\u00f1anza Secundaria dependientes de la Consejer\u00eda de Educaci\u00f3n y Deporte y centros educativos pertenecientes a las Acad\u00e9mies de Aix-Marseille, Nice (Regi\u00f3n Acad\u00e9mica de Provence-Alpes-C\u00f4te d\u00b4Azur), Lyon y Reims (Francia).<\/p>\n<ul>\n<li>Dirigido a IES dependientes de la Consejer\u00eda de Educaci\u00f3n y Deporte de la Junta de Andaluc\u00eda que sean biling\u00fces de franc\u00e9s, pluriling\u00fces de franc\u00e9s como primera lengua extranjera, pluriling\u00fces ingl\u00e9s-franc\u00e9s o biling\u00fces con franc\u00e9s como segunda lengua extranjera.<\/li>\n<li>Hasta 6 alumnos\/as por centro, matriculados\/as en 1\u00ba de Bachillerato en el curso 2022\/2023, debiendo haber cursado la asignatura de franc\u00e9s en cursos anteriores.<\/li>\n<li>Las familias francesas recibir\u00e1n a un alumno andaluz o una alumna andaluza desde el 19\/09\/2022 al 14\/10\/2022 y posteriormente, las familias andaluzas acoger\u00e1n a un alumno franc\u00e9s o a una alumna francesa del 31\/10\/2022 al 25\/11\/2022.<\/li>\n<\/ul>\n","protected":false},"excerpt":{"rendered":"<p>&nbsp; Convocado el Programa de Movilidad Individual de Alumnado con Reciprocidad para el curso 2022\/2023 entre Institutos de Ense\u00f1anza Secundaria dependientes de la Consejer\u00eda de Educaci\u00f3n y Deporte y centros educativos pertenecientes a las&#46;&#46;&#46;<\/p>\n","protected":false},"author":8062,"featured_media":9496,"comment_status":"open","ping_status":"open","sticky":false,"template":"","format":"standard","meta":{"ngg_post_thumbnail":0,"footnotes":""},"categories":[11909,1174746],"tags":[],"aioseo_notices":[],"_links":{"self":[{"href":"https:\/\/blogsaverroes.juntadeandalucia.es\/plurilinguismodelegacionmalaga\/wp-json\/wp\/v2\/posts\/9492"}],"collection":[{"href":"https:\/\/blogsaverroes.juntadeandalucia.es\/plurilinguismodelegacionmalaga\/wp-json\/wp\/v2\/posts"}],"about":[{"href":"https:\/\/blogsaverroes.juntadeandalucia.es\/plurilinguismodelegacionmalaga\/wp-json\/wp\/v2\/types\/post"}],"author":[{"embeddable":true,"href":"https:\/\/blogsaverroes.juntadeandalucia.es\/plurilinguismodelegacionmalaga\/wp-json\/wp\/v2\/users\/8062"}],"replies":[{"embeddable":true,"href":"https:\/\/blogsaverroes.juntadeandalucia.es\/plurilinguismodelegacionmalaga\/wp-json\/wp\/v2\/comments?post=9492"}],"version-history":[{"count":2,"href":"https:\/\/blogsaverroes.juntadeandalucia.es\/plurilinguismodelegacionmalaga\/wp-json\/wp\/v2\/posts\/9492\/revisions"}],"predecessor-version":[{"id":9497,"href":"https:\/\/blogsaverroes.juntadeandalucia.es\/plurilinguismodelegacionmalaga\/wp-json\/wp\/v2\/posts\/9492\/revisions\/9497"}],"wp:featuredmedia":[{"embeddable":true,"href":"https:\/\/blogsaverroes.juntadeandalucia.es\/plurilinguismodelegacionmalaga\/wp-json\/wp\/v2\/media\/9496"}],"wp:attachment":[{"href":"https:\/\/blogsaverroes.juntadeandalucia.es\/plurilinguismodelegacionmalaga\/wp-json\/wp\/v2\/media?parent=9492"}],"wp:term":[{"taxonomy":"category","embeddable":true,"href":"https:\/\/blogsaverroes.juntadeandalucia.es\/plurilinguismodelegacionmalaga\/wp-json\/wp\/v2\/categories?post=9492"},{"taxonomy":"post_tag","embeddable":true,"href":"https:\/\/blogsaverroes.juntadeandalucia.es\/plurilinguismodelegacionmalaga\/wp-json\/wp\/v2\/tags?post=9492"}],"curies":[{"name":"wp","href":"https:\/\/api.w.org\/{rel}","templated":true}]}}