{"id":9524,"date":"2022-04-13T13:52:52","date_gmt":"2022-04-13T11:52:52","guid":{"rendered":"https:\/\/blogsaverroes.juntadeandalucia.es\/plurilinguismodelegacionmalaga\/?p=9524"},"modified":"2022-04-13T14:21:00","modified_gmt":"2022-04-13T12:21:00","slug":"concurso-de-fotografia-portavoz-europa","status":"publish","type":"post","link":"https:\/\/blogsaverroes.juntadeandalucia.es\/plurilinguismodelegacionmalaga\/2022\/04\/13\/concurso-de-fotografia-portavoz-europa\/","title":{"rendered":"Concurso de fotograf\u00eda Portavoz Europa"},"content":{"rendered":"<p><a href=\"https:\/\/www.institutfrancais.es\/cultura\/convocatoria-3a-edicion-del-concurso-de-fotografia-portavoz\/\"><img loading=\"lazy\" decoding=\"async\" class=\"wp-image-9525 aligncenter\" src=\"https:\/\/blogsaverroes.juntadeandalucia.es\/plurilinguismodelegacionmalaga\/files\/2022\/04\/concurso-fotograf\u00eda-Portavoz-2022.jpg\" alt=\"\" width=\"412\" height=\"316\" srcset=\"https:\/\/blogsaverroes.juntadeandalucia.es\/plurilinguismodelegacionmalaga\/files\/2022\/04\/concurso-fotograf\u00eda-Portavoz-2022.jpg 744w, https:\/\/blogsaverroes.juntadeandalucia.es\/plurilinguismodelegacionmalaga\/files\/2022\/04\/concurso-fotograf\u00eda-Portavoz-2022-300x230.jpg 300w\" sizes=\"(max-width: 412px) 100vw, 412px\" \/><\/a><\/p>\n<p>Portavoz Europa es un proyecto educativo y cultural a trav\u00e9s de un <a href=\"https:\/\/concursoportavoz.org\/concours\/presentation\">concurso de fotograf\u00eda<\/a> que tiene como objetivo promover el pluriling\u00fcismo y la diversidad cultural dando voz a los j\u00f3venes europeos de Espa\u00f1a, Italia, Portugal y Rep\u00fablica Checa.<\/p>\n<p>Podr\u00e1 participar en este concurso organizado por el <a href=\"https:\/\/www.institutfrancais.es\/cultura\/convocatoria-3a-edicion-del-concurso-de-fotografia-portavoz\/\">Instituto Franc\u00e9s<\/a> cualquier alumno\/a de franc\u00e9s de 4\u00ba de ESO, 1\u00ba y 2\u00ba de Bachillerato y Grado&nbsp; Medio, teniendo en cuenta que el concurso galardonar\u00e1 de modo especial la mejor expresi\u00f3n art\u00edstica sobre el tema: \u201cConstruir Europa\u201d. La fechas de participaci\u00f3n son entre el 4 de abril y el 9 de mayo.<\/p>\n<p>Los alumnos reflexionar\u00e1n sobre la construcci\u00f3n de Europa, basado en el intercambio de experiencias y de referencias comunes. \u00bfC\u00f3mo construir una sociedad a escala europea? \u00bfC\u00f3mo compartir los valores europeos que nos permiten vivir juntos? El di\u00e1logo intercultural a trav\u00e9s de los idiomas y la fotograf\u00eda en particular, permite un mejor conocimiento del otro y participa plenamente en la creaci\u00f3n del espacio europeo de Educaci\u00f3n y de la ciudadan\u00eda.<\/p>\n<p>La participaci\u00f3n es individual y la&nbsp;<strong>fecha l\u00edmite para participar es el 9 de mayo, D\u00eda de Europa.<\/strong><\/p>\n","protected":false},"excerpt":{"rendered":"<p>Portavoz Europa es un proyecto educativo y cultural a trav\u00e9s de un concurso de fotograf\u00eda que tiene como objetivo promover el pluriling\u00fcismo y la diversidad cultural dando voz a los j\u00f3venes europeos de Espa\u00f1a,&#46;&#46;&#46;<\/p>\n","protected":false},"author":8062,"featured_media":9526,"comment_status":"open","ping_status":"open","sticky":false,"template":"","format":"standard","meta":{"ngg_post_thumbnail":0,"footnotes":""},"categories":[431],"tags":[],"aioseo_notices":[],"_links":{"self":[{"href":"https:\/\/blogsaverroes.juntadeandalucia.es\/plurilinguismodelegacionmalaga\/wp-json\/wp\/v2\/posts\/9524"}],"collection":[{"href":"https:\/\/blogsaverroes.juntadeandalucia.es\/plurilinguismodelegacionmalaga\/wp-json\/wp\/v2\/posts"}],"about":[{"href":"https:\/\/blogsaverroes.juntadeandalucia.es\/plurilinguismodelegacionmalaga\/wp-json\/wp\/v2\/types\/post"}],"author":[{"embeddable":true,"href":"https:\/\/blogsaverroes.juntadeandalucia.es\/plurilinguismodelegacionmalaga\/wp-json\/wp\/v2\/users\/8062"}],"replies":[{"embeddable":true,"href":"https:\/\/blogsaverroes.juntadeandalucia.es\/plurilinguismodelegacionmalaga\/wp-json\/wp\/v2\/comments?post=9524"}],"version-history":[{"count":1,"href":"https:\/\/blogsaverroes.juntadeandalucia.es\/plurilinguismodelegacionmalaga\/wp-json\/wp\/v2\/posts\/9524\/revisions"}],"predecessor-version":[{"id":9527,"href":"https:\/\/blogsaverroes.juntadeandalucia.es\/plurilinguismodelegacionmalaga\/wp-json\/wp\/v2\/posts\/9524\/revisions\/9527"}],"wp:featuredmedia":[{"embeddable":true,"href":"https:\/\/blogsaverroes.juntadeandalucia.es\/plurilinguismodelegacionmalaga\/wp-json\/wp\/v2\/media\/9526"}],"wp:attachment":[{"href":"https:\/\/blogsaverroes.juntadeandalucia.es\/plurilinguismodelegacionmalaga\/wp-json\/wp\/v2\/media?parent=9524"}],"wp:term":[{"taxonomy":"category","embeddable":true,"href":"https:\/\/blogsaverroes.juntadeandalucia.es\/plurilinguismodelegacionmalaga\/wp-json\/wp\/v2\/categories?post=9524"},{"taxonomy":"post_tag","embeddable":true,"href":"https:\/\/blogsaverroes.juntadeandalucia.es\/plurilinguismodelegacionmalaga\/wp-json\/wp\/v2\/tags?post=9524"}],"curies":[{"name":"wp","href":"https:\/\/api.w.org\/{rel}","templated":true}]}}