{"id":9537,"date":"2022-04-19T09:57:32","date_gmt":"2022-04-19T07:57:32","guid":{"rendered":"https:\/\/blogsaverroes.juntadeandalucia.es\/plurilinguismodelegacionmalaga\/?p=9537"},"modified":"2022-04-19T09:57:32","modified_gmt":"2022-04-19T07:57:32","slug":"ceip-narixa-weather-news","status":"publish","type":"post","link":"https:\/\/blogsaverroes.juntadeandalucia.es\/plurilinguismodelegacionmalaga\/2022\/04\/19\/ceip-narixa-weather-news\/","title":{"rendered":"CEIP Narixa Weather News"},"content":{"rendered":"<p><iframe loading=\"lazy\" title=\"THE WEATHER NEWS  PROYECTO BILING\u00dcE CEIP Narixa\" width=\"500\" height=\"281\" src=\"https:\/\/www.youtube.com\/embed\/XDKu0wHWMc0?feature=oembed&#038;wmode=opaque\" frameborder=\"0\" allow=\"accelerometer; autoplay; clipboard-write; encrypted-media; gyroscope; picture-in-picture\" allowfullscreen><\/iframe><\/p>\n<p>Como actividad conjunta de las \u00e1reas de ciencias e ingl\u00e9s en el CEIP Narixa de Nerja, su alumnado de segundo de primaria nos retransmite de esta manera la previsi\u00f3n del tiempo en distintas ciudades del mundo.<\/p>\n<p>El video es todo un ejemplo de buena pr\u00e1ctica biling\u00fce en un centro que cuenta este curso con la gran ayuda de Holly Harpel, su auxiliar de conversaci\u00f3n americana.&nbsp; &nbsp;Good job everyone !!<\/p>\n<p>&nbsp;<\/p>\n<p><img loading=\"lazy\" decoding=\"async\" class=\"wp-image-9540 aligncenter\" src=\"https:\/\/blogsaverroes.juntadeandalucia.es\/plurilinguismodelegacionmalaga\/files\/2022\/04\/CEIP-Narixa-scaled.jpeg\" alt=\"\" width=\"414\" height=\"311\" srcset=\"https:\/\/blogsaverroes.juntadeandalucia.es\/plurilinguismodelegacionmalaga\/files\/2022\/04\/CEIP-Narixa-scaled.jpeg 2560w, https:\/\/blogsaverroes.juntadeandalucia.es\/plurilinguismodelegacionmalaga\/files\/2022\/04\/CEIP-Narixa-300x225.jpeg 300w, https:\/\/blogsaverroes.juntadeandalucia.es\/plurilinguismodelegacionmalaga\/files\/2022\/04\/CEIP-Narixa-1024x768.jpeg 1024w, https:\/\/blogsaverroes.juntadeandalucia.es\/plurilinguismodelegacionmalaga\/files\/2022\/04\/CEIP-Narixa-768x576.jpeg 768w, https:\/\/blogsaverroes.juntadeandalucia.es\/plurilinguismodelegacionmalaga\/files\/2022\/04\/CEIP-Narixa-1536x1152.jpeg 1536w, https:\/\/blogsaverroes.juntadeandalucia.es\/plurilinguismodelegacionmalaga\/files\/2022\/04\/CEIP-Narixa-2048x1536.jpeg 2048w\" sizes=\"(max-width: 414px) 100vw, 414px\" \/><\/p>\n","protected":false},"excerpt":{"rendered":"<p>Como actividad conjunta de las \u00e1reas de ciencias e ingl\u00e9s en el CEIP Narixa de Nerja, su alumnado de segundo de primaria nos retransmite de esta manera la previsi\u00f3n del tiempo en distintas ciudades&#46;&#46;&#46;<\/p>\n","protected":false},"author":8062,"featured_media":9541,"comment_status":"open","ping_status":"open","sticky":false,"template":"","format":"standard","meta":{"ngg_post_thumbnail":0,"footnotes":""},"categories":[946,2133770],"tags":[],"aioseo_notices":[],"_links":{"self":[{"href":"https:\/\/blogsaverroes.juntadeandalucia.es\/plurilinguismodelegacionmalaga\/wp-json\/wp\/v2\/posts\/9537"}],"collection":[{"href":"https:\/\/blogsaverroes.juntadeandalucia.es\/plurilinguismodelegacionmalaga\/wp-json\/wp\/v2\/posts"}],"about":[{"href":"https:\/\/blogsaverroes.juntadeandalucia.es\/plurilinguismodelegacionmalaga\/wp-json\/wp\/v2\/types\/post"}],"author":[{"embeddable":true,"href":"https:\/\/blogsaverroes.juntadeandalucia.es\/plurilinguismodelegacionmalaga\/wp-json\/wp\/v2\/users\/8062"}],"replies":[{"embeddable":true,"href":"https:\/\/blogsaverroes.juntadeandalucia.es\/plurilinguismodelegacionmalaga\/wp-json\/wp\/v2\/comments?post=9537"}],"version-history":[{"count":1,"href":"https:\/\/blogsaverroes.juntadeandalucia.es\/plurilinguismodelegacionmalaga\/wp-json\/wp\/v2\/posts\/9537\/revisions"}],"predecessor-version":[{"id":9542,"href":"https:\/\/blogsaverroes.juntadeandalucia.es\/plurilinguismodelegacionmalaga\/wp-json\/wp\/v2\/posts\/9537\/revisions\/9542"}],"wp:featuredmedia":[{"embeddable":true,"href":"https:\/\/blogsaverroes.juntadeandalucia.es\/plurilinguismodelegacionmalaga\/wp-json\/wp\/v2\/media\/9541"}],"wp:attachment":[{"href":"https:\/\/blogsaverroes.juntadeandalucia.es\/plurilinguismodelegacionmalaga\/wp-json\/wp\/v2\/media?parent=9537"}],"wp:term":[{"taxonomy":"category","embeddable":true,"href":"https:\/\/blogsaverroes.juntadeandalucia.es\/plurilinguismodelegacionmalaga\/wp-json\/wp\/v2\/categories?post=9537"},{"taxonomy":"post_tag","embeddable":true,"href":"https:\/\/blogsaverroes.juntadeandalucia.es\/plurilinguismodelegacionmalaga\/wp-json\/wp\/v2\/tags?post=9537"}],"curies":[{"name":"wp","href":"https:\/\/api.w.org\/{rel}","templated":true}]}}