{"id":9543,"date":"2022-04-22T08:12:39","date_gmt":"2022-04-22T06:12:39","guid":{"rendered":"https:\/\/blogsaverroes.juntadeandalucia.es\/plurilinguismodelegacionmalaga\/?p=9543"},"modified":"2022-04-22T08:16:38","modified_gmt":"2022-04-22T06:16:38","slug":"convocatoria-de-intercambios-educativos-de-alumnado-de-ies-dependientes-de-la-consejeria-de-educacion-y-deporte-para-el-curso-2022-23","status":"publish","type":"post","link":"https:\/\/blogsaverroes.juntadeandalucia.es\/plurilinguismodelegacionmalaga\/2022\/04\/22\/convocatoria-de-intercambios-educativos-de-alumnado-de-ies-dependientes-de-la-consejeria-de-educacion-y-deporte-para-el-curso-2022-23\/","title":{"rendered":"Convocatoria de intercambios educativos de alumnado de IES dependientes de la Consejer\u00eda de Educaci\u00f3n y Deporte para el curso 2022\/23."},"content":{"rendered":"<p><img loading=\"lazy\" decoding=\"async\" class=\"wp-image-9544 aligncenter\" src=\"https:\/\/blogsaverroes.juntadeandalucia.es\/plurilinguismodelegacionmalaga\/files\/2022\/04\/johann-nestroy-1293471_1920.jpg\" alt=\"\" width=\"387\" height=\"258\" srcset=\"https:\/\/blogsaverroes.juntadeandalucia.es\/plurilinguismodelegacionmalaga\/files\/2022\/04\/johann-nestroy-1293471_1920.jpg 1920w, https:\/\/blogsaverroes.juntadeandalucia.es\/plurilinguismodelegacionmalaga\/files\/2022\/04\/johann-nestroy-1293471_1920-300x200.jpg 300w, https:\/\/blogsaverroes.juntadeandalucia.es\/plurilinguismodelegacionmalaga\/files\/2022\/04\/johann-nestroy-1293471_1920-1024x683.jpg 1024w, https:\/\/blogsaverroes.juntadeandalucia.es\/plurilinguismodelegacionmalaga\/files\/2022\/04\/johann-nestroy-1293471_1920-768x512.jpg 768w, https:\/\/blogsaverroes.juntadeandalucia.es\/plurilinguismodelegacionmalaga\/files\/2022\/04\/johann-nestroy-1293471_1920-1536x1024.jpg 1536w\" sizes=\"(max-width: 387px) 100vw, 387px\" \/><\/p>\n<p><strong>Hasta el 12 de mayo de 2022 est\u00e1 abierto el plazo de la<\/strong>&nbsp;<a href=\"https:\/\/www.juntadeandalucia.es\/educacion\/portals\/web\/ced\/novedades\/-\/contenidos\/detalle\/resolucion-de-la-direccion-general-de-ordenacion-y-evaluacion-educativa-de-19-de-abril-de-2022-por-la-que-se-convocan\"><span dir=\"ltr\">Convocatoria de intercambios educativos de alumnado con centros docentes<\/span><span dir=\"ltr\">&nbsp;de pa\u00edses de lengua alemana, china (mandar\u00edn), francesa, inglesa, italiana y portuguesa para al&nbsp;<\/span><span dir=\"ltr\">menos 32 grupos escolares de tercero o cuarto de Educaci\u00f3n Secundaria Obligatoria y primero de&nbsp;<\/span><span dir=\"ltr\">Bachillerato correspondientes a Institutos de Ense\u00f1anza Secundaria dependientes de la Consejer\u00eda de&nbsp;<\/span><span dir=\"ltr\">Educaci\u00f3n y Deporte de la Junta de Andaluc\u00eda para el curso 2022\/23.<\/span><\/a><\/p>\n<p>&nbsp;<\/p>\n","protected":false},"excerpt":{"rendered":"<p>Hasta el 12 de mayo de 2022 est\u00e1 abierto el plazo de la&nbsp;Convocatoria de intercambios educativos de alumnado con centros docentes&nbsp;de pa\u00edses de lengua alemana, china (mandar\u00edn), francesa, inglesa, italiana y portuguesa para al&nbsp;menos&#46;&#46;&#46;<\/p>\n","protected":false},"author":8062,"featured_media":9489,"comment_status":"open","ping_status":"open","sticky":false,"template":"","format":"standard","meta":{"ngg_post_thumbnail":0,"footnotes":""},"categories":[5,1174746],"tags":[],"aioseo_notices":[],"_links":{"self":[{"href":"https:\/\/blogsaverroes.juntadeandalucia.es\/plurilinguismodelegacionmalaga\/wp-json\/wp\/v2\/posts\/9543"}],"collection":[{"href":"https:\/\/blogsaverroes.juntadeandalucia.es\/plurilinguismodelegacionmalaga\/wp-json\/wp\/v2\/posts"}],"about":[{"href":"https:\/\/blogsaverroes.juntadeandalucia.es\/plurilinguismodelegacionmalaga\/wp-json\/wp\/v2\/types\/post"}],"author":[{"embeddable":true,"href":"https:\/\/blogsaverroes.juntadeandalucia.es\/plurilinguismodelegacionmalaga\/wp-json\/wp\/v2\/users\/8062"}],"replies":[{"embeddable":true,"href":"https:\/\/blogsaverroes.juntadeandalucia.es\/plurilinguismodelegacionmalaga\/wp-json\/wp\/v2\/comments?post=9543"}],"version-history":[{"count":1,"href":"https:\/\/blogsaverroes.juntadeandalucia.es\/plurilinguismodelegacionmalaga\/wp-json\/wp\/v2\/posts\/9543\/revisions"}],"predecessor-version":[{"id":9545,"href":"https:\/\/blogsaverroes.juntadeandalucia.es\/plurilinguismodelegacionmalaga\/wp-json\/wp\/v2\/posts\/9543\/revisions\/9545"}],"wp:featuredmedia":[{"embeddable":true,"href":"https:\/\/blogsaverroes.juntadeandalucia.es\/plurilinguismodelegacionmalaga\/wp-json\/wp\/v2\/media\/9489"}],"wp:attachment":[{"href":"https:\/\/blogsaverroes.juntadeandalucia.es\/plurilinguismodelegacionmalaga\/wp-json\/wp\/v2\/media?parent=9543"}],"wp:term":[{"taxonomy":"category","embeddable":true,"href":"https:\/\/blogsaverroes.juntadeandalucia.es\/plurilinguismodelegacionmalaga\/wp-json\/wp\/v2\/categories?post=9543"},{"taxonomy":"post_tag","embeddable":true,"href":"https:\/\/blogsaverroes.juntadeandalucia.es\/plurilinguismodelegacionmalaga\/wp-json\/wp\/v2\/tags?post=9543"}],"curies":[{"name":"wp","href":"https:\/\/api.w.org\/{rel}","templated":true}]}}