{"id":958,"date":"2011-10-28T08:28:46","date_gmt":"2011-10-28T07:28:46","guid":{"rendered":"http:\/\/www.educacionenmalaga.es\/bilinguismo\/?p=958"},"modified":"2011-10-28T08:28:46","modified_gmt":"2011-10-28T07:28:46","slug":"premios-nacionales-etwinning-2012","status":"publish","type":"post","link":"https:\/\/blogsaverroes.juntadeandalucia.es\/plurilinguismodelegacionmalaga\/2011\/10\/28\/premios-nacionales-etwinning-2012\/","title":{"rendered":"Premios Etwinning 2012"},"content":{"rendered":"<p><a rel=\"attachment wp-att-1023\" href=\"http:\/\/www.educacionenmalaga.es\/bilinguismo\/2011\/10\/28\/premios-nacionales-etwinning-2012\/europeos_premios_2012\/\"><img loading=\"lazy\" decoding=\"async\" class=\"alignleft size-full wp-image-1023\" title=\"europeos_premios_2012\" src=\"https:\/\/blogsaverroes.juntadeandalucia.es\/plurilinguismodelegacionmalaga\/files\/2011\/10\/europeos_premios_2012.png\" alt=\"\" width=\"160\" height=\"110\" \/><\/a>El\u00a0 d\u00eda <em>17 de Octubre de 2011 <\/em>se abri\u00f3<a href=\"http:\/\/www.etwinning.es\/es\/inicio\/ultimas-noticias\/527-convocatoria-de-los-premios-nacionales-etwinning\" target=\"_blank\" rel=\"noopener noreferrer\"><\/a><a href=\"http:\/\/www.etwinning.es\/es\/inicio\/ultimas-noticias\/527-convocatoria-de-los-premios-nacionales-etwinning\" target=\"_blank\" rel=\"noopener noreferrer\"> la convocatoria de Premios Nacionales eTwinning 2012<\/a> para proyectos realizados durante el curso 2010\/2011. Es necesario presentar la solicitud antes del <em>25 de noviembre.<\/em><\/p>\n<p>\u00c9sta es la <a href=\"http:\/\/www.etwinning.es\/es\/inicio\/ultimas-noticias\/527-convocatoria-de-los-premios-nacionales-etwinning\" target=\"_blank\" rel=\"noopener noreferrer\">convocatoria de Premios Nacionales<\/a> y se se suma a la\u00a0 <a href=\"http:\/\/www.etwinning.es\/es\/inicio\/ultimas-noticias\/528-convocatoria-de-los-premios-europeos-etwinning\" target=\"_blank\" rel=\"noopener noreferrer\">convocatoria de Premios Europeos <\/a>que tambi\u00e9n se abri\u00f3 el mismo d\u00eda 17.\u00a0 Los profesores que deseen participar en ambas, deber\u00e1n rellenar los respectivos formularios en las plataformas correspondientes.<\/p>\n<p>Estos formularios son muy parecidos, por lo que es aconsejable guardar la informaci\u00f3n de los apartados en un archivo de texto para luego poder consultarla y utilizarla a la hora de rellenar la\u00a0 segunda solicitud que se haga.<\/p>\n<p>&nbsp;<\/p>\n","protected":false},"excerpt":{"rendered":"<p>El\u00a0 d\u00eda 17 de Octubre de 2011 se abri\u00f3 la convocatoria de Premios Nacionales eTwinning 2012 para proyectos realizados durante el curso 2010\/2011. Es necesario presentar la solicitud antes del 25 de noviembre. \u00c9sta&#46;&#46;&#46;<\/p>\n","protected":false},"author":1124,"featured_media":0,"comment_status":"open","ping_status":"open","sticky":false,"template":"","format":"standard","meta":{"ngg_post_thumbnail":0,"footnotes":""},"categories":[2134355,52],"tags":[10635],"aioseo_notices":[],"_links":{"self":[{"href":"https:\/\/blogsaverroes.juntadeandalucia.es\/plurilinguismodelegacionmalaga\/wp-json\/wp\/v2\/posts\/958"}],"collection":[{"href":"https:\/\/blogsaverroes.juntadeandalucia.es\/plurilinguismodelegacionmalaga\/wp-json\/wp\/v2\/posts"}],"about":[{"href":"https:\/\/blogsaverroes.juntadeandalucia.es\/plurilinguismodelegacionmalaga\/wp-json\/wp\/v2\/types\/post"}],"author":[{"embeddable":true,"href":"https:\/\/blogsaverroes.juntadeandalucia.es\/plurilinguismodelegacionmalaga\/wp-json\/wp\/v2\/users\/1124"}],"replies":[{"embeddable":true,"href":"https:\/\/blogsaverroes.juntadeandalucia.es\/plurilinguismodelegacionmalaga\/wp-json\/wp\/v2\/comments?post=958"}],"version-history":[{"count":0,"href":"https:\/\/blogsaverroes.juntadeandalucia.es\/plurilinguismodelegacionmalaga\/wp-json\/wp\/v2\/posts\/958\/revisions"}],"wp:attachment":[{"href":"https:\/\/blogsaverroes.juntadeandalucia.es\/plurilinguismodelegacionmalaga\/wp-json\/wp\/v2\/media?parent=958"}],"wp:term":[{"taxonomy":"category","embeddable":true,"href":"https:\/\/blogsaverroes.juntadeandalucia.es\/plurilinguismodelegacionmalaga\/wp-json\/wp\/v2\/categories?post=958"},{"taxonomy":"post_tag","embeddable":true,"href":"https:\/\/blogsaverroes.juntadeandalucia.es\/plurilinguismodelegacionmalaga\/wp-json\/wp\/v2\/tags?post=958"}],"curies":[{"name":"wp","href":"https:\/\/api.w.org\/{rel}","templated":true}]}}