{"id":9703,"date":"2022-06-15T08:10:05","date_gmt":"2022-06-15T06:10:05","guid":{"rendered":"https:\/\/blogsaverroes.juntadeandalucia.es\/plurilinguismodelegacionmalaga\/?p=9703"},"modified":"2022-06-17T08:34:07","modified_gmt":"2022-06-17T06:34:07","slug":"profesorado-que-participara-en-las-estancias-de-inmersion-linguistica-2022","status":"publish","type":"post","link":"https:\/\/blogsaverroes.juntadeandalucia.es\/plurilinguismodelegacionmalaga\/2022\/06\/15\/profesorado-que-participara-en-las-estancias-de-inmersion-linguistica-2022\/","title":{"rendered":"Profesorado que participar\u00e1 en las estancias de inmersi\u00f3n ling\u00fc\u00edstica 2022"},"content":{"rendered":"<p>Publicada la resoluci\u00f3n definitiva de la inmersi\u00f3n ling\u00fc\u00edstica del profesorado 2022. Las fechas de realizaci\u00f3n y el destino de las estancias formativas asignadas de los idiomas alem\u00e1n, franc\u00e9s e ingl\u00e9s ser\u00e1n comunicadas a cada participante por las empresas adjudicatarias<\/p>\n<p>.<a href=\"https:\/\/www.juntadeandalucia.es\/educacion\/portals\/web\/plurilinguismo\/novedades\/-\/contenidos\/detalle\/concesion-de-los-intercambios-escolares-para-el-curso-2022\">https:\/\/www.juntadeandalucia.es\/educacion\/portals\/web\/plurilinguismo\/novedades\/-\/contenidos\/detalle\/concesion-de-los-intercambios-escolares-para-el-curso-2022<\/a><\/p>\n","protected":false},"excerpt":{"rendered":"<p>Publicada la resoluci\u00f3n definitiva de la inmersi\u00f3n ling\u00fc\u00edstica del profesorado 2022. Las fechas de realizaci\u00f3n y el destino de las estancias formativas asignadas de los idiomas alem\u00e1n, franc\u00e9s e ingl\u00e9s ser\u00e1n comunicadas a cada&#46;&#46;&#46;<\/p>\n","protected":false},"author":8062,"featured_media":9706,"comment_status":"open","ping_status":"open","sticky":false,"template":"","format":"standard","meta":{"ngg_post_thumbnail":0,"footnotes":""},"categories":[32427],"tags":[],"aioseo_notices":[],"_links":{"self":[{"href":"https:\/\/blogsaverroes.juntadeandalucia.es\/plurilinguismodelegacionmalaga\/wp-json\/wp\/v2\/posts\/9703"}],"collection":[{"href":"https:\/\/blogsaverroes.juntadeandalucia.es\/plurilinguismodelegacionmalaga\/wp-json\/wp\/v2\/posts"}],"about":[{"href":"https:\/\/blogsaverroes.juntadeandalucia.es\/plurilinguismodelegacionmalaga\/wp-json\/wp\/v2\/types\/post"}],"author":[{"embeddable":true,"href":"https:\/\/blogsaverroes.juntadeandalucia.es\/plurilinguismodelegacionmalaga\/wp-json\/wp\/v2\/users\/8062"}],"replies":[{"embeddable":true,"href":"https:\/\/blogsaverroes.juntadeandalucia.es\/plurilinguismodelegacionmalaga\/wp-json\/wp\/v2\/comments?post=9703"}],"version-history":[{"count":1,"href":"https:\/\/blogsaverroes.juntadeandalucia.es\/plurilinguismodelegacionmalaga\/wp-json\/wp\/v2\/posts\/9703\/revisions"}],"predecessor-version":[{"id":9704,"href":"https:\/\/blogsaverroes.juntadeandalucia.es\/plurilinguismodelegacionmalaga\/wp-json\/wp\/v2\/posts\/9703\/revisions\/9704"}],"wp:featuredmedia":[{"embeddable":true,"href":"https:\/\/blogsaverroes.juntadeandalucia.es\/plurilinguismodelegacionmalaga\/wp-json\/wp\/v2\/media\/9706"}],"wp:attachment":[{"href":"https:\/\/blogsaverroes.juntadeandalucia.es\/plurilinguismodelegacionmalaga\/wp-json\/wp\/v2\/media?parent=9703"}],"wp:term":[{"taxonomy":"category","embeddable":true,"href":"https:\/\/blogsaverroes.juntadeandalucia.es\/plurilinguismodelegacionmalaga\/wp-json\/wp\/v2\/categories?post=9703"},{"taxonomy":"post_tag","embeddable":true,"href":"https:\/\/blogsaverroes.juntadeandalucia.es\/plurilinguismodelegacionmalaga\/wp-json\/wp\/v2\/tags?post=9703"}],"curies":[{"name":"wp","href":"https:\/\/api.w.org\/{rel}","templated":true}]}}