{"id":9747,"date":"2022-06-27T08:40:34","date_gmt":"2022-06-27T06:40:34","guid":{"rendered":"https:\/\/blogsaverroes.juntadeandalucia.es\/plurilinguismodelegacionmalaga\/?p=9747"},"modified":"2022-06-27T08:40:34","modified_gmt":"2022-06-27T06:40:34","slug":"siempre-erasmus-en-el-conservatorio-profesional-de-musica-manuel-carra","status":"publish","type":"post","link":"https:\/\/blogsaverroes.juntadeandalucia.es\/plurilinguismodelegacionmalaga\/2022\/06\/27\/siempre-erasmus-en-el-conservatorio-profesional-de-musica-manuel-carra\/","title":{"rendered":"Siempre ERASMUS+ en el Conservatorio Profesional de M\u00fasica Manuel Carra"},"content":{"rendered":"<h2 style=\"text-align: center\"><b>EL CPM MANUEL CARRA SIEMPRE E+<\/b><\/h2>\n<p><span style=\"font-weight: 400\">El proyecto Erasmus + cada vez tiene m\u00e1s calado en el CPM Manuel Carra. Cada a\u00f1o incrementa sus logros en Andaluc\u00eda llevando a cabo acciones relevantes en el panorama educativo. Este curso el SEPIE ha otorgado al Conservatorio Manuel Carra la<\/span><b> Acreditaci\u00f3n Erasmus +<\/b><span style=\"font-weight: 400\"> en el \u00e1mbito de la Formaci\u00f3n Profesional para el periodo <\/span><b>2021-2027<\/b><span style=\"font-weight: 400\"> con calificaci\u00f3n <\/span><b>sobresaliente.<\/b><span style=\"font-weight: 400\"> Esta acreditaci\u00f3n confirma al Centro como Instituci\u00f3n de Confianza a la hora de ejecutar proyectos Erasmus + de movilidad, tanto de estudiantes como de personal.<\/span><\/p>\n<p><span style=\"font-weight: 400\">Gracias a la labor de una excelente Comisi\u00f3n Erasmus + formada por las Profesoras:<\/span><b> Silvia Mahedero <\/b><span style=\"font-weight: 400\">(guitarra)<\/span><b>, Sonia Carillo <\/b><span style=\"font-weight: 400\">(piano) y <\/span><b>Estefan\u00eda Guerra <\/b><span style=\"font-weight: 400\">(viola)<\/span> <span style=\"font-weight: 400\">y supervisada por el director del centro<\/span><b> Prof. Antonio Enrique Bazaga Mart\u00ednez <\/b><span style=\"font-weight: 400\">(piano)&nbsp; se han desarrollado con \u00e9xito las siguientes acciones que pueden seguirse en el <\/span><a href=\"https:\/\/sites.google.com\/view\/portalerasmus\/inicio\"><span style=\"font-weight: 400\">Portal Erasmus del Carra<\/span><\/a><span style=\"font-weight: 400\">.<\/span><\/p>\n<h2>&nbsp;<\/h2>\n<h2 style=\"text-align: center\"><b>Actividades para Ense\u00f1anzas Profesionales<\/b><\/h2>\n<h3><b>Proyecto KA102<\/b><\/h3>\n<p><i><span style=\"font-weight: 400\">\u201cSociocultural synergies and music connections\u201d&nbsp; &nbsp; <\/span><\/i><i><span style=\"font-weight: 400\">Coordinadora: Silvia Mahedero<\/span><\/i><\/p>\n<p><span style=\"font-weight: 400\">El proyecto KA102 solicitado durante el curso 2018\/2019 qued\u00f3 paralizado por la pandemia pero se culminar\u00e1 con \u00e9xito&nbsp; en este curso 2021\/2022.<\/span><\/p>\n<p><span style=\"font-weight: 400\">Tras un nuevo y complicado procedimiento selectivo, con cerca de 50 aspirantes, siete&nbsp; estudiantes de diferentes especialidades (3 violines, 1 clarinete, 1 guitarra y 2 saxofones) han viajado a la <\/span><b>Universidad de Augsburg, Alemania,<\/b><span style=\"font-weight: 400\"> para realizar un periodo de formaci\u00f3n de <\/span><b>12 d\u00edas. <\/b><span style=\"font-weight: 400\">El acompa\u00f1ante del alumnado fue el pianista y director del CPM Manuel Carra Prof. Antonio Enrique Bazaga.<\/span><\/p>\n<p><span style=\"font-weight: 400\">Dentro del mismo proyecto la Prof. Elena Santa Mar\u00eda, piano y la Prof. Estefan\u00eda Guerra, viola viajaron al mismo centro y ciudad (Universidad de Augsburg) para realizar una movilidad de <\/span><i><span style=\"font-weight: 400\">job shadowing <\/span><\/i><span style=\"font-weight: 400\">(observaci\u00f3n activa) de 8 d\u00edas.&nbsp;<\/span><span style=\"font-weight: 400\">Todos ellos participaron de numerosas actividades culturales y musicales enriquecedoras en la Universidad de Augsburg y en el Leopold Mozart Zentrum as\u00ed como en la ciudad de Augsburg y Munich.&nbsp;<\/span><\/p>\n<p><span style=\"font-weight: 400\">Todas las actividades que realizaron el alumnado y el profesorado en Augsburg&nbsp; pueden verse m\u00e1s en profundidad en el Blog del Proyecto Ka 102 <\/span><a href=\"https:\/\/sites.google.com\/view\/ka102carraproyectaugsburg\/inicio?authuser=0\"><span style=\"font-weight: 400\">Blog del Proyecto Ka102<\/span><\/a><span style=\"font-weight: 400\"> (Job-shadowing Elena\/Estefan\u00eda). Destacamos el Concierto y una conferencia sobre M\u00e1laga y sobre el&nbsp; conservatorio, en el Sal\u00f3n de actos de la Facultad de Pedagog\u00eda de la Universidad de Augsburg, con gran \u00e9xito de p\u00fablico asistente y que puede volver a disfrutarse en el<\/span><a href=\"https:\/\/www.youtube.com\/watch?v=Dzcs9MCjQWs\"><span style=\"font-weight: 400\"> canal de youtube<\/span><\/a><span style=\"font-weight: 400\"> del CPM Manuel Carra.<\/span><\/p>\n<p>&nbsp;<\/p>\n<p style=\"text-align: center\"><img loading=\"lazy\" decoding=\"async\" class=\"alignnone  wp-image-9752\" src=\"https:\/\/blogsaverroes.juntadeandalucia.es\/plurilinguismodelegacionmalaga\/files\/2022\/06\/Foto-1-scaled.jpg\" alt=\"\" width=\"552\" height=\"414\" srcset=\"https:\/\/blogsaverroes.juntadeandalucia.es\/plurilinguismodelegacionmalaga\/files\/2022\/06\/Foto-1-scaled.jpg 2560w, https:\/\/blogsaverroes.juntadeandalucia.es\/plurilinguismodelegacionmalaga\/files\/2022\/06\/Foto-1-300x225.jpg 300w, https:\/\/blogsaverroes.juntadeandalucia.es\/plurilinguismodelegacionmalaga\/files\/2022\/06\/Foto-1-1024x768.jpg 1024w, https:\/\/blogsaverroes.juntadeandalucia.es\/plurilinguismodelegacionmalaga\/files\/2022\/06\/Foto-1-768x576.jpg 768w, https:\/\/blogsaverroes.juntadeandalucia.es\/plurilinguismodelegacionmalaga\/files\/2022\/06\/Foto-1-1536x1152.jpg 1536w, https:\/\/blogsaverroes.juntadeandalucia.es\/plurilinguismodelegacionmalaga\/files\/2022\/06\/Foto-1-2048x1536.jpg 2048w\" sizes=\"(max-width: 552px) 100vw, 552px\" \/><\/p>\n<p style=\"text-align: center\"><span style=\"font-weight: 400\">(Foto 1. Concierto del alumnado malague\u00f1o en la Universidad de Augsburgo)<\/span><\/p>\n<p><img loading=\"lazy\" decoding=\"async\" class=\"alignnone  wp-image-9753 aligncenter\" src=\"https:\/\/blogsaverroes.juntadeandalucia.es\/plurilinguismodelegacionmalaga\/files\/2022\/06\/Foto-2.-Big-Band-participation.jpg\" alt=\"\" width=\"552\" height=\"483\" srcset=\"https:\/\/blogsaverroes.juntadeandalucia.es\/plurilinguismodelegacionmalaga\/files\/2022\/06\/Foto-2.-Big-Band-participation.jpg 1280w, https:\/\/blogsaverroes.juntadeandalucia.es\/plurilinguismodelegacionmalaga\/files\/2022\/06\/Foto-2.-Big-Band-participation-300x263.jpg 300w, https:\/\/blogsaverroes.juntadeandalucia.es\/plurilinguismodelegacionmalaga\/files\/2022\/06\/Foto-2.-Big-Band-participation-1024x896.jpg 1024w, https:\/\/blogsaverroes.juntadeandalucia.es\/plurilinguismodelegacionmalaga\/files\/2022\/06\/Foto-2.-Big-Band-participation-768x672.jpg 768w\" sizes=\"(max-width: 552px) 100vw, 552px\" \/><\/p>\n<p style=\"text-align: center\"><span style=\"font-weight: 400\">(Foto 2. Participaci\u00f3n en Big Band de la Facultad de Pedagog\u00eda de la&nbsp; Universidad de Augsburgo)<\/span><\/p>\n<p style=\"text-align: center\">&nbsp;<\/p>\n<p style=\"text-align: center\"><img loading=\"lazy\" decoding=\"async\" class=\"alignnone  wp-image-9754\" src=\"https:\/\/blogsaverroes.juntadeandalucia.es\/plurilinguismodelegacionmalaga\/files\/2022\/06\/Foto-3.-Leopold-Mozart-Zentrum-classes-con-Dimitri-Lavrentiev-guitarra.jpg\" alt=\"\" width=\"551\" height=\"315\" srcset=\"https:\/\/blogsaverroes.juntadeandalucia.es\/plurilinguismodelegacionmalaga\/files\/2022\/06\/Foto-3.-Leopold-Mozart-Zentrum-classes-con-Dimitri-Lavrentiev-guitarra.jpg 1280w, https:\/\/blogsaverroes.juntadeandalucia.es\/plurilinguismodelegacionmalaga\/files\/2022\/06\/Foto-3.-Leopold-Mozart-Zentrum-classes-con-Dimitri-Lavrentiev-guitarra-300x172.jpg 300w, https:\/\/blogsaverroes.juntadeandalucia.es\/plurilinguismodelegacionmalaga\/files\/2022\/06\/Foto-3.-Leopold-Mozart-Zentrum-classes-con-Dimitri-Lavrentiev-guitarra-1024x586.jpg 1024w, https:\/\/blogsaverroes.juntadeandalucia.es\/plurilinguismodelegacionmalaga\/files\/2022\/06\/Foto-3.-Leopold-Mozart-Zentrum-classes-con-Dimitri-Lavrentiev-guitarra-768x439.jpg 768w\" sizes=\"(max-width: 551px) 100vw, 551px\" \/><\/p>\n<p style=\"text-align: center\"><span style=\"font-weight: 400\">(Foto 3. Escucha activa de clases en el Leopold Mozart Zentrum. Prof. Dimitri Lavrentiev, guitarra)<\/span><\/p>\n<p style=\"text-align: center\"><img loading=\"lazy\" decoding=\"async\" class=\"alignnone  wp-image-9755\" src=\"https:\/\/blogsaverroes.juntadeandalucia.es\/plurilinguismodelegacionmalaga\/files\/2022\/06\/Foto-4.-Actividades-culturales-en-Munich.jpg\" alt=\"\" width=\"551\" height=\"551\" srcset=\"https:\/\/blogsaverroes.juntadeandalucia.es\/plurilinguismodelegacionmalaga\/files\/2022\/06\/Foto-4.-Actividades-culturales-en-Munich.jpg 1280w, https:\/\/blogsaverroes.juntadeandalucia.es\/plurilinguismodelegacionmalaga\/files\/2022\/06\/Foto-4.-Actividades-culturales-en-Munich-300x300.jpg 300w, https:\/\/blogsaverroes.juntadeandalucia.es\/plurilinguismodelegacionmalaga\/files\/2022\/06\/Foto-4.-Actividades-culturales-en-Munich-1024x1024.jpg 1024w, https:\/\/blogsaverroes.juntadeandalucia.es\/plurilinguismodelegacionmalaga\/files\/2022\/06\/Foto-4.-Actividades-culturales-en-Munich-150x150.jpg 150w, https:\/\/blogsaverroes.juntadeandalucia.es\/plurilinguismodelegacionmalaga\/files\/2022\/06\/Foto-4.-Actividades-culturales-en-Munich-768x768.jpg 768w, https:\/\/blogsaverroes.juntadeandalucia.es\/plurilinguismodelegacionmalaga\/files\/2022\/06\/Foto-4.-Actividades-culturales-en-Munich-80x80.jpg 80w, https:\/\/blogsaverroes.juntadeandalucia.es\/plurilinguismodelegacionmalaga\/files\/2022\/06\/Foto-4.-Actividades-culturales-en-Munich-320x320.jpg 320w\" sizes=\"(max-width: 551px) 100vw, 551px\" \/><\/p>\n<p style=\"text-align: center\"><span style=\"font-weight: 400\">(Foto 4. Actividades culturales en Munich)<\/span><\/p>\n<p style=\"text-align: center\">\n<img loading=\"lazy\" decoding=\"async\" class=\"wp-image-9756 aligncenter\" style=\"text-align: start\" src=\"https:\/\/blogsaverroes.juntadeandalucia.es\/plurilinguismodelegacionmalaga\/files\/2022\/06\/Foto-5.-Universidad-de-Augsburg-alumnado-pedagog\u00eda.jpg\" alt=\"\" width=\"561\" height=\"421\" srcset=\"https:\/\/blogsaverroes.juntadeandalucia.es\/plurilinguismodelegacionmalaga\/files\/2022\/06\/Foto-5.-Universidad-de-Augsburg-alumnado-pedagog\u00eda.jpg 2048w, https:\/\/blogsaverroes.juntadeandalucia.es\/plurilinguismodelegacionmalaga\/files\/2022\/06\/Foto-5.-Universidad-de-Augsburg-alumnado-pedagog\u00eda-300x225.jpg 300w, https:\/\/blogsaverroes.juntadeandalucia.es\/plurilinguismodelegacionmalaga\/files\/2022\/06\/Foto-5.-Universidad-de-Augsburg-alumnado-pedagog\u00eda-1024x768.jpg 1024w, https:\/\/blogsaverroes.juntadeandalucia.es\/plurilinguismodelegacionmalaga\/files\/2022\/06\/Foto-5.-Universidad-de-Augsburg-alumnado-pedagog\u00eda-768x576.jpg 768w, https:\/\/blogsaverroes.juntadeandalucia.es\/plurilinguismodelegacionmalaga\/files\/2022\/06\/Foto-5.-Universidad-de-Augsburg-alumnado-pedagog\u00eda-1536x1152.jpg 1536w\" sizes=\"(max-width: 561px) 100vw, 561px\" \/><span style=\"font-weight: 400\">(Foto 5. Alumnado conjunto de Espa\u00f1a y Alemania)<\/span><\/p>\n<p><span style=\"font-weight: 400\">Adem\u00e1s un tercer compa\u00f1ero (Prof. Rafael Ruiz Rodr\u00edguez), realiz\u00f3 con \u00e9xito una movilidad de formaci\u00f3n durante 6 d\u00edas al Conservatorio Santa Cecilia de Roma donde pudo incluso dar una conferencia y un concierto sobre la m\u00fasica espa\u00f1ola del siglo XVIII.&nbsp; Ver <\/span><a href=\"https:\/\/sites.google.com\/g.educaand.es\/ka102carraprojectroma\/page\"><span style=\"font-weight: 400\">Blog Rafael Ruiz dentro del Proyecto Ka102<\/span><\/a><\/p>\n<p>&nbsp;<\/p>\n<p style=\"text-align: center\"><img loading=\"lazy\" decoding=\"async\" class=\"alignnone  wp-image-9757\" src=\"https:\/\/blogsaverroes.juntadeandalucia.es\/plurilinguismodelegacionmalaga\/files\/2022\/06\/Foto-6.-Rafael-Ruiz-con-profesorado-del-Conservatorio-Santa-Cecilia-de-Roma.jpg\" alt=\"\" width=\"560\" height=\"420\" srcset=\"https:\/\/blogsaverroes.juntadeandalucia.es\/plurilinguismodelegacionmalaga\/files\/2022\/06\/Foto-6.-Rafael-Ruiz-con-profesorado-del-Conservatorio-Santa-Cecilia-de-Roma.jpg 2048w, https:\/\/blogsaverroes.juntadeandalucia.es\/plurilinguismodelegacionmalaga\/files\/2022\/06\/Foto-6.-Rafael-Ruiz-con-profesorado-del-Conservatorio-Santa-Cecilia-de-Roma-300x225.jpg 300w, https:\/\/blogsaverroes.juntadeandalucia.es\/plurilinguismodelegacionmalaga\/files\/2022\/06\/Foto-6.-Rafael-Ruiz-con-profesorado-del-Conservatorio-Santa-Cecilia-de-Roma-1024x768.jpg 1024w, https:\/\/blogsaverroes.juntadeandalucia.es\/plurilinguismodelegacionmalaga\/files\/2022\/06\/Foto-6.-Rafael-Ruiz-con-profesorado-del-Conservatorio-Santa-Cecilia-de-Roma-768x576.jpg 768w, https:\/\/blogsaverroes.juntadeandalucia.es\/plurilinguismodelegacionmalaga\/files\/2022\/06\/Foto-6.-Rafael-Ruiz-con-profesorado-del-Conservatorio-Santa-Cecilia-de-Roma-1536x1152.jpg 1536w\" sizes=\"(max-width: 560px) 100vw, 560px\" \/><\/p>\n<p style=\"text-align: center\"><span style=\"font-weight: 400\">(Foto 6. Prof. Rafael Ruiz Rodr\u00edguez en el Conservatorio Santa Cecilia de Roma)<\/span><\/p>\n<p>&nbsp;<\/p>\n<p style=\"text-align: center\"><img loading=\"lazy\" decoding=\"async\" class=\"alignnone  wp-image-9758\" src=\"https:\/\/blogsaverroes.juntadeandalucia.es\/plurilinguismodelegacionmalaga\/files\/2022\/06\/Foto-7.-Sala-Acad\u00e9mica-Roma.jpg\" alt=\"\" width=\"556\" height=\"417\" srcset=\"https:\/\/blogsaverroes.juntadeandalucia.es\/plurilinguismodelegacionmalaga\/files\/2022\/06\/Foto-7.-Sala-Acad\u00e9mica-Roma.jpg 2048w, https:\/\/blogsaverroes.juntadeandalucia.es\/plurilinguismodelegacionmalaga\/files\/2022\/06\/Foto-7.-Sala-Acad\u00e9mica-Roma-300x225.jpg 300w, https:\/\/blogsaverroes.juntadeandalucia.es\/plurilinguismodelegacionmalaga\/files\/2022\/06\/Foto-7.-Sala-Acad\u00e9mica-Roma-1024x768.jpg 1024w, https:\/\/blogsaverroes.juntadeandalucia.es\/plurilinguismodelegacionmalaga\/files\/2022\/06\/Foto-7.-Sala-Acad\u00e9mica-Roma-768x576.jpg 768w, https:\/\/blogsaverroes.juntadeandalucia.es\/plurilinguismodelegacionmalaga\/files\/2022\/06\/Foto-7.-Sala-Acad\u00e9mica-Roma-1536x1152.jpg 1536w\" sizes=\"(max-width: 556px) 100vw, 556px\" \/><\/p>\n<p style=\"text-align: center\"><span style=\"font-weight: 400\">(Foto 7. Sala Acad\u00e9mica. Conservatorio Santa Cecilia de Roma)<\/span><\/p>\n<h3>&nbsp;<\/h3>\n<h3><b>Proyecto KA122 VET<\/b><\/h3>\n<p><i><span style=\"font-weight: 400\">\u201cMusical Art Goes to International Cultures\u201d (MAGIC)&nbsp; &nbsp; &nbsp;<\/span><\/i><i><span style=\"font-weight: 400\">Coordinadora: Silvia Mahedero<\/span><\/i><\/p>\n<p><span style=\"font-weight: 400\">Este Proyecto concedido en diciembre de 2021 y que incluye la movilidad para formaci\u00f3n o docencia de 4 profesores y profesoras (ya seleccionadas en Febrero de 2022, mediante la convocatoria correspondiente), ha comenzado a desarrollarse este curso con la movilidad reciente a la Universidad Frederik Chopin, de Varsovia; de la profesora Sonia Carillo, piano. All\u00ed tuvo la oportunidad de asistir a clases de Piano con maestros como la Prof. Kataryna Janhowska, M\u00fasica de c\u00e1mara o Clavec\u00edn; adem\u00e1s de disfrutar de numerosos conciertos dentro y fuera de la Universidad.&nbsp; El enlace a todas las actividades realizadas por la profesora lo incluimos aqu\u00ed: <\/span><a href=\"https:\/\/sites.google.com\/view\/sonia-carillo\/inicio\"><span style=\"font-weight: 400\">Blog de Viaje a Varsovia<\/span><\/a><span style=\"font-weight: 400\">&nbsp;<\/span><\/p>\n<p style=\"text-align: center\">\n<img loading=\"lazy\" decoding=\"async\" class=\"wp-image-9759 aligncenter\" src=\"https:\/\/blogsaverroes.juntadeandalucia.es\/plurilinguismodelegacionmalaga\/files\/2022\/06\/Foto-8.-Clases-de-la-Prof.-Katarzyna-Janhowska.jpg\" alt=\"\" width=\"568\" height=\"389\" srcset=\"https:\/\/blogsaverroes.juntadeandalucia.es\/plurilinguismodelegacionmalaga\/files\/2022\/06\/Foto-8.-Clases-de-la-Prof.-Katarzyna-Janhowska.jpg 1280w, https:\/\/blogsaverroes.juntadeandalucia.es\/plurilinguismodelegacionmalaga\/files\/2022\/06\/Foto-8.-Clases-de-la-Prof.-Katarzyna-Janhowska-300x205.jpg 300w, https:\/\/blogsaverroes.juntadeandalucia.es\/plurilinguismodelegacionmalaga\/files\/2022\/06\/Foto-8.-Clases-de-la-Prof.-Katarzyna-Janhowska-1024x700.jpg 1024w, https:\/\/blogsaverroes.juntadeandalucia.es\/plurilinguismodelegacionmalaga\/files\/2022\/06\/Foto-8.-Clases-de-la-Prof.-Katarzyna-Janhowska-768x525.jpg 768w\" sizes=\"(max-width: 568px) 100vw, 568px\" \/><span style=\"font-weight: 400\">(Foto 8. Clases de la Prof. Kataryna Janhowska)<\/span><\/p>\n<p style=\"text-align: center\">\n<p><img loading=\"lazy\" decoding=\"async\" class=\"alignnone  wp-image-9760\" src=\"https:\/\/blogsaverroes.juntadeandalucia.es\/plurilinguismodelegacionmalaga\/files\/2022\/06\/Foto-9.-Universidad-Chopin-en-Varsovia.jpg\" alt=\"\" width=\"573\" height=\"292\" srcset=\"https:\/\/blogsaverroes.juntadeandalucia.es\/plurilinguismodelegacionmalaga\/files\/2022\/06\/Foto-9.-Universidad-Chopin-en-Varsovia.jpg 1280w, https:\/\/blogsaverroes.juntadeandalucia.es\/plurilinguismodelegacionmalaga\/files\/2022\/06\/Foto-9.-Universidad-Chopin-en-Varsovia-300x153.jpg 300w, https:\/\/blogsaverroes.juntadeandalucia.es\/plurilinguismodelegacionmalaga\/files\/2022\/06\/Foto-9.-Universidad-Chopin-en-Varsovia-1024x522.jpg 1024w, https:\/\/blogsaverroes.juntadeandalucia.es\/plurilinguismodelegacionmalaga\/files\/2022\/06\/Foto-9.-Universidad-Chopin-en-Varsovia-768x392.jpg 768w\" sizes=\"(max-width: 573px) 100vw, 573px\" \/><br \/>\n<span style=\"font-weight: 400\">(Foto 9. Universidad Chopin. Varsovia)<\/span><\/p>\n<p style=\"text-align: center\">\n<p><img loading=\"lazy\" decoding=\"async\" class=\"alignnone  wp-image-9767\" src=\"https:\/\/blogsaverroes.juntadeandalucia.es\/plurilinguismodelegacionmalaga\/files\/2022\/06\/Foto-10.-Prof.-Sonia-Carillo-en-la-Universidad-F.-Chopin-1.jpeg\" alt=\"\" width=\"352\" height=\"657\" srcset=\"https:\/\/blogsaverroes.juntadeandalucia.es\/plurilinguismodelegacionmalaga\/files\/2022\/06\/Foto-10.-Prof.-Sonia-Carillo-en-la-Universidad-F.-Chopin-1.jpeg 735w, https:\/\/blogsaverroes.juntadeandalucia.es\/plurilinguismodelegacionmalaga\/files\/2022\/06\/Foto-10.-Prof.-Sonia-Carillo-en-la-Universidad-F.-Chopin-1-161x300.jpeg 161w, https:\/\/blogsaverroes.juntadeandalucia.es\/plurilinguismodelegacionmalaga\/files\/2022\/06\/Foto-10.-Prof.-Sonia-Carillo-en-la-Universidad-F.-Chopin-1-549x1024.jpeg 549w\" sizes=\"(max-width: 352px) 100vw, 352px\" \/><\/p>\n<p style=\"text-align: center\"><span style=\"font-weight: 400\">(Foto 10. Prof. Sonia Carillo en la Universidad F. Chopin)<\/span><\/p>\n<p style=\"text-align: center\">&nbsp;<\/p>\n<p><span style=\"font-weight: 400\">El proyecto incluye asimismo la visita de los siguientes expertos invitados al CPM Manuel Carra durante el curso 2022\/2023:&nbsp;<\/span><\/p>\n<ol>\n<li style=\"font-weight: 400\"><b>Andreas Becker<\/b><span style=\"font-weight: 400\">. Profesor de pedagog\u00eda vocal &#8211; Universidad Augsburg, Alemania.<\/span><\/li>\n<li style=\"font-weight: 400\"><b>Danilo Squitieri.<\/b><span style=\"font-weight: 400\"> Violonchelo. Conservatorio de M\u00fasica &#8220;G.B. Pergolesi&#8221;, Fermo, Italia.<\/span><\/li>\n<li style=\"font-weight: 400\"><b>Eduardo Inestal. <\/b><span style=\"font-weight: 400\">Guitarra cl\u00e1sica. Profesor en la Universidad de M\u00fasica Robert Schumann y en el conservatorio &#8220;Clara Schumann&#8221; de la ciudad de D\u00fcsseldorf, Alemania.<\/span><\/li>\n<\/ol>\n<p><span style=\"font-weight: 400\">Las actividades abiertas a la comunidad educativa (conciertos, charlas, conferencias, clases magistrales, etc.) ser\u00e1n publicadas con la debida antelaci\u00f3n en la p\u00e1gina web y en los Tablones de anuncios Erasmus + del centro.<\/span><\/p>\n<h2>&nbsp;<\/h2>\n<h2 style=\"text-align: center\"><b>Actividades en curso para Ense\u00f1anzas B\u00e1sicas<\/b><\/h2>\n<h3><b>Proyecto KA122 SCH<\/b><\/h3>\n<p><i><span style=\"font-weight: 400\">\u201cEnriching our future with music and culture in a green Europe\u201d&nbsp; &nbsp; &nbsp;<\/span><\/i><i><span style=\"font-weight: 400\">Coordinadora: Estefan\u00eda Guerra Matilla<\/span><\/i><\/p>\n<p><span style=\"font-weight: 400\">Tras la Convocatoria que se abri\u00f3 el pasado Febrero de 2022, para todo el personal del centro, fueron seleccionados los seis profesores que realizar\u00e1n sus movilidades dentro de las fechas de ejecuci\u00f3n del proyecto.<\/span><\/p>\n<p><span style=\"font-weight: 400\">Los profesores C\u00e9sar Jim\u00e9nez de violoncello y Jose Antonio Briones de viola han sido los primeros en embarcarse (abril\/mayo 2022) en las actividades Erasmus que se han planificado con sus respectivas Instituciones de acogida.&nbsp;<\/span><span style=\"font-weight: 400\">C\u00e9sar Jim\u00e9nez ha podido impartir docencia en el <\/span><i><span style=\"font-weight: 400\">Conservatorio G.B. Pergolesi<\/span><\/i><span style=\"font-weight: 400\"> y disfrutar de actividades culturales en&nbsp; la ciudad italiana de Fermo.<\/span><\/p>\n<p>&nbsp;<\/p>\n<p><img loading=\"lazy\" decoding=\"async\" class=\"alignnone  wp-image-9762 aligncenter\" style=\"text-align: center\" src=\"https:\/\/blogsaverroes.juntadeandalucia.es\/plurilinguismodelegacionmalaga\/files\/2022\/06\/Foto-11.-Teaching-in-Fermo-scaled.jpg\" alt=\"\" width=\"552\" height=\"342\" srcset=\"https:\/\/blogsaverroes.juntadeandalucia.es\/plurilinguismodelegacionmalaga\/files\/2022\/06\/Foto-11.-Teaching-in-Fermo-scaled.jpg 2560w, https:\/\/blogsaverroes.juntadeandalucia.es\/plurilinguismodelegacionmalaga\/files\/2022\/06\/Foto-11.-Teaching-in-Fermo-300x186.jpg 300w, https:\/\/blogsaverroes.juntadeandalucia.es\/plurilinguismodelegacionmalaga\/files\/2022\/06\/Foto-11.-Teaching-in-Fermo-1024x634.jpg 1024w, https:\/\/blogsaverroes.juntadeandalucia.es\/plurilinguismodelegacionmalaga\/files\/2022\/06\/Foto-11.-Teaching-in-Fermo-768x476.jpg 768w, https:\/\/blogsaverroes.juntadeandalucia.es\/plurilinguismodelegacionmalaga\/files\/2022\/06\/Foto-11.-Teaching-in-Fermo-1536x952.jpg 1536w, https:\/\/blogsaverroes.juntadeandalucia.es\/plurilinguismodelegacionmalaga\/files\/2022\/06\/Foto-11.-Teaching-in-Fermo-2048x1269.jpg 2048w\" sizes=\"(max-width: 552px) 100vw, 552px\" \/><\/p>\n<p style=\"text-align: center\"><span style=\"font-weight: 400\">(Foto 11. C\u00e9sar Jim\u00e9nez impartiendo docencia en el Conservatorio de Fermo, Italia)<\/span><\/p>\n<p><span style=\"font-weight: 400\">Por otro lado, Jos\u00e9 Antonio Briones ha desarrollado su movilidad Erasmus de observaci\u00f3n activa, en el Conservatorio de la preciosa ciudad de Joensuu en Finlandia. Todas las actividades desarrolladas pueden verse en el <\/span><a href=\"https:\/\/sites.google.com\/view\/projectcarraka122schjoensuu\/inicio?authuser=0\"><span style=\"font-weight: 400\">Blog de JA Briones Joensuu.<\/span><\/a><\/p>\n<p>&nbsp;<\/p>\n<p>&nbsp;<\/p>\n<p><img loading=\"lazy\" decoding=\"async\" class=\"alignnone  wp-image-9763 aligncenter\" src=\"https:\/\/blogsaverroes.juntadeandalucia.es\/plurilinguismodelegacionmalaga\/files\/2022\/06\/Foto-12.-Blog-del-proyecto.png\" alt=\"\" width=\"524\" height=\"405\" srcset=\"https:\/\/blogsaverroes.juntadeandalucia.es\/plurilinguismodelegacionmalaga\/files\/2022\/06\/Foto-12.-Blog-del-proyecto.png 2000w, https:\/\/blogsaverroes.juntadeandalucia.es\/plurilinguismodelegacionmalaga\/files\/2022\/06\/Foto-12.-Blog-del-proyecto-300x232.png 300w, https:\/\/blogsaverroes.juntadeandalucia.es\/plurilinguismodelegacionmalaga\/files\/2022\/06\/Foto-12.-Blog-del-proyecto-1024x791.png 1024w, https:\/\/blogsaverroes.juntadeandalucia.es\/plurilinguismodelegacionmalaga\/files\/2022\/06\/Foto-12.-Blog-del-proyecto-768x593.png 768w, https:\/\/blogsaverroes.juntadeandalucia.es\/plurilinguismodelegacionmalaga\/files\/2022\/06\/Foto-12.-Blog-del-proyecto-1536x1187.png 1536w\" sizes=\"(max-width: 524px) 100vw, 524px\" \/><\/p>\n<p style=\"text-align: center\"><span style=\"font-weight: 400\">(Foto 12. Blog dentro del Proyecto Ka122SCH)<\/span><\/p>\n<p>&nbsp;<\/p>\n<p><span style=\"font-weight: 400\">El Proyecto KA122SCH incluye la visita a nuestro centro educativo del siguiente experto invitado:&nbsp;<\/span><\/p>\n<ul>\n<li style=\"font-weight: 400\"><b>Koen Rens, experto violinista y pedagogo del Conservatorio de Amberes <\/b><span style=\"font-weight: 400\">(B\u00e9lgica), que finalmente nos visitar\u00e1 el curso 2022-2023, para desarrollar sendas actividades y talleres vinculados principalmente a las Ense\u00f1anzas B\u00e1sicas y relacionados con el M\u00e9todo Suzuki<\/span><\/li>\n<\/ul>\n<h2><b>Actividades de acogida<\/b><\/h2>\n<p><span style=\"font-weight: 400\">Es ahora en este curso acad\u00e9mico 2021-22 cuando el alumnado&nbsp; del CPM Manuel Carra se ha beneficiado de la asistencia a clases magistrales impartidas por profesores de instituciones europeas, en calidad de activo u oyente. Todo ello subvencionado por el programa Erasmus +. Estas actividades han dado la oportunidad a nuestro alumnado, no solo de ser escuchados por otro profesor externo al centro sino tambi\u00e9n de conocer a profesores europeos con los que podr\u00edan realizar sus estudios superiores.&nbsp;&nbsp;<\/span><\/p>\n<p><span style=\"font-weight: 400\">Las actividades realizadas durante este curso han sido las siguientes:&nbsp;<\/span><\/p>\n<p><span style=\"font-weight: 400\">&#8211; <\/span><b>12 y 13 de mayo<\/b> <b>de 2022: <\/b><span style=\"font-weight: 400\">Curso de Piano impartido por <\/span><b>Dario Candela<\/b><span style=\"font-weight: 400\">, proveniente del Conservatorio di m\u00fasica di Salerno, Italia, disc\u00edpulo directo de Aldo Ciccolini, gran concertista y docente, <\/span><a href=\"https:\/\/www.dariocandela.com\/\"><span style=\"font-weight: 400\">https:\/\/www.dariocandela.com\/<\/span><\/a><span style=\"font-weight: 400\"> quien cuenta adem\u00e1s con varias publicaciones y una amplia discograf\u00eda. La coordinaci\u00f3n de esta actividad fue llevada a cabo por las profesoras Margarita Dom\u00ednguez y Salve Marquez.<\/span><\/p>\n<p><span style=\"font-weight: 400\">&#8211; <\/span><b>25 al 27<\/b> <b>mayo<\/b> <b>de 2022: <\/b><span style=\"font-weight: 400\">Curso de Piano impartido por<\/span> <a href=\"https:\/\/drive.google.com\/file\/d\/1T2c7XJWKCYXkp2LOJ8b93mpezTdRnVSV\/view?usp=sharing\"><b>Antonella Lunghi<\/b><\/a><span style=\"font-weight: 400\">, proveniente del Conservatorio di m\u00fasica Santa Cecilia di Roma. Cuenta con grabaciones para la Radio Svizzera y para el sello Agor\u00e0 sobre la obra de A. longo. Con una amplia carrera concert\u00edstica imparte clases magistrales con asiduidad. Su curso estuvo acompa\u00f1ado de una charla sobre la m\u00fasica italiana para piano de la primera mitad del siglo XX y de un concierto donde pudimos disfrutar en nuestro Sal\u00f3n de actos de su impecable y colorista interpretaci\u00f3n.<\/span><\/p>\n<p><span style=\"font-weight: 400\">En el mes de <\/span><b>Octubre<\/b><span style=\"font-weight: 400\"> vendr\u00e1 tambi\u00e9n la <\/span><b>pianista Therese Fahy<\/b><span style=\"font-weight: 400\">, docente de la <\/span><i><span style=\"font-weight: 400\">Royal Irish Academy of Music <\/span><\/i><span style=\"font-weight: 400\">de Dubl\u00edn, RIAM, con una gran trayectoria como concertista y docente<\/span><span style=\"font-weight: 400\">.<\/span><\/p>\n<p>&nbsp;<\/p>\n<p style=\"text-align: center\"><img loading=\"lazy\" decoding=\"async\" class=\"alignnone  wp-image-9764\" src=\"https:\/\/blogsaverroes.juntadeandalucia.es\/plurilinguismodelegacionmalaga\/files\/2022\/06\/Foto-13.-Curso-Dario-Candela-scaled.jpg\" alt=\"\" width=\"441\" height=\"248\" srcset=\"https:\/\/blogsaverroes.juntadeandalucia.es\/plurilinguismodelegacionmalaga\/files\/2022\/06\/Foto-13.-Curso-Dario-Candela-scaled.jpg 2560w, https:\/\/blogsaverroes.juntadeandalucia.es\/plurilinguismodelegacionmalaga\/files\/2022\/06\/Foto-13.-Curso-Dario-Candela-300x169.jpg 300w, https:\/\/blogsaverroes.juntadeandalucia.es\/plurilinguismodelegacionmalaga\/files\/2022\/06\/Foto-13.-Curso-Dario-Candela-1024x576.jpg 1024w, https:\/\/blogsaverroes.juntadeandalucia.es\/plurilinguismodelegacionmalaga\/files\/2022\/06\/Foto-13.-Curso-Dario-Candela-768x432.jpg 768w, https:\/\/blogsaverroes.juntadeandalucia.es\/plurilinguismodelegacionmalaga\/files\/2022\/06\/Foto-13.-Curso-Dario-Candela-1536x864.jpg 1536w, https:\/\/blogsaverroes.juntadeandalucia.es\/plurilinguismodelegacionmalaga\/files\/2022\/06\/Foto-13.-Curso-Dario-Candela-2048x1152.jpg 2048w\" sizes=\"(max-width: 441px) 100vw, 441px\" \/><\/p>\n<p style=\"text-align: center\"><span style=\"font-weight: 400\">(Foto 13. Curso de Dario Candela)<\/span><\/p>\n<p>&nbsp;<\/p>\n<p style=\"text-align: center\"><img loading=\"lazy\" decoding=\"async\" class=\"alignnone  wp-image-9766\" src=\"https:\/\/blogsaverroes.juntadeandalucia.es\/plurilinguismodelegacionmalaga\/files\/2022\/06\/Foto-14.Curso-y-Concierto-de-Antonella-Lunghi-1.jpg\" alt=\"\" width=\"478\" height=\"358\" srcset=\"https:\/\/blogsaverroes.juntadeandalucia.es\/plurilinguismodelegacionmalaga\/files\/2022\/06\/Foto-14.Curso-y-Concierto-de-Antonella-Lunghi-1.jpg 1600w, https:\/\/blogsaverroes.juntadeandalucia.es\/plurilinguismodelegacionmalaga\/files\/2022\/06\/Foto-14.Curso-y-Concierto-de-Antonella-Lunghi-1-300x225.jpg 300w, https:\/\/blogsaverroes.juntadeandalucia.es\/plurilinguismodelegacionmalaga\/files\/2022\/06\/Foto-14.Curso-y-Concierto-de-Antonella-Lunghi-1-1024x768.jpg 1024w, https:\/\/blogsaverroes.juntadeandalucia.es\/plurilinguismodelegacionmalaga\/files\/2022\/06\/Foto-14.Curso-y-Concierto-de-Antonella-Lunghi-1-768x576.jpg 768w, https:\/\/blogsaverroes.juntadeandalucia.es\/plurilinguismodelegacionmalaga\/files\/2022\/06\/Foto-14.Curso-y-Concierto-de-Antonella-Lunghi-1-1536x1152.jpg 1536w\" sizes=\"(max-width: 478px) 100vw, 478px\" \/><\/p>\n<p style=\"text-align: center\"><span style=\"font-weight: 400\">(Foto 14. Curso y Concierto de Antonella Lunghi)<\/span><\/p>\n<h2>&nbsp;<\/h2>\n<h2 style=\"text-align: center\"><b>Los Proyectos eTwinning en el CPM Manuel Carra<\/b><\/h2>\n<p><span style=\"font-weight: 400\">La asignatura optativa \u201cIntroducci\u00f3n a eTwinning\u201d contin\u00faa su andadura en el conservatorio, este curso, con un proyecto que ha comenzado a desarrollarse con la Escuela de M\u00fasica de Komotini titulado \u201cLove as a way to change the world\u201d y que espera finalizarse el curso que viene, incorporando m\u00e1s socios europeos; y aprovechando las novedades que traer\u00e1 eTwinning, que acaba de unirse con la plataforma School Education Gateway.<\/span><\/p>\n<p><span style=\"font-weight: 400\">Sus actividades desarrolladas hasta ahora, pueden verse tanto en el Twinspace p\u00fablico <\/span><a href=\"https:\/\/twinspace.etwinning.net\/219232\/home\"><span style=\"font-weight: 400\">https:\/\/twinspace.etwinning.net\/219232\/home<\/span><\/a><span style=\"font-weight: 400\"> como en el Blog complementario de nuestra p\u00e1gina web Erasmus del CPM Manuel Carra <\/span><a href=\"http:\/\/www.lamusicatetoca.com\"><span style=\"font-weight: 400\">www.lamusicatetoca.com<\/span><\/a><\/p>\n<p><span style=\"font-weight: 400\">A\u00f1adir tambi\u00e9n que acabamos de presentar a los Premios Nacionales eTwinning nuestro anterior proyecto elaborado con el IT Carlos Alberto dalla Chiesa de Partinico, (Sicilia) \u201cLooking for European Art and Folklore connections that enrich ourselves\u201d.&nbsp;<\/span><\/p>\n<p>&nbsp;<\/p>\n<p><b>Otros aspectos a destacar<\/b><\/p>\n<p><span style=\"font-weight: 400\">El <\/span><b>Proyecto KA229 del CPM Manuel Carra con el Instituto Alberto Dalla Chiesa <\/b><span style=\"font-weight: 400\">de Partinico (Sicilia)<\/span> <i><span style=\"font-weight: 400\">\u201cBuscando conexiones en el folklore y el arte europeo que nos enriquecen\u201d<\/span><\/i><span style=\"font-weight: 400\"> coordinado por la profesora de viola Estefan\u00eda Guerra, finalmente obtuvo una nota de informe final de NOTABLE por parte de la Agencia nacional SEPIE. Toda la informaci\u00f3n del proyecto puede consultarse en la web <\/span><a href=\"https:\/\/sites.google.com\/view\/ka229cpmcarra\/ka-229-completo\"><span style=\"font-weight: 400\">KA229Carraweb<\/span><\/a><\/p>\n<p><span style=\"font-weight: 400\">Gracias al dinero obtenido se ha podido adquirir numeroso material de merchandising publicitario, as\u00ed como inaugurar dos espacios Erasmus en el Conservatorio: el espacio <\/span><b>Erasmus + Hall<\/b><span style=\"font-weight: 400\"> con paneles de anuncios y una vistosa letra gigante E con un \u201c+\u201d; y el espacio <\/span><b>Erasmus + Foso<\/b><span style=\"font-weight: 400\"> que acaba de inaugurarse a finales de este curso con una est\u00e9tica acogedora y colorista que ayudar\u00e1 a difundir los proyectos del centro.<\/span><\/p>\n<p>&nbsp;<\/p>\n<p style=\"text-align: center\"><img loading=\"lazy\" decoding=\"async\" class=\"wp-image-9750 alignnone aligncenter\" src=\"https:\/\/blogsaverroes.juntadeandalucia.es\/plurilinguismodelegacionmalaga\/files\/2022\/06\/Foto-15.-Alumnado-del-nuevo-Proyecto-eTwinning-en-el-Rinc\u00f3n-Erasmus-Hall-scaled.jpg\" alt=\"\" width=\"507\" height=\"380\" srcset=\"https:\/\/blogsaverroes.juntadeandalucia.es\/plurilinguismodelegacionmalaga\/files\/2022\/06\/Foto-15.-Alumnado-del-nuevo-Proyecto-eTwinning-en-el-Rinc\u00f3n-Erasmus-Hall-scaled.jpg 2560w, https:\/\/blogsaverroes.juntadeandalucia.es\/plurilinguismodelegacionmalaga\/files\/2022\/06\/Foto-15.-Alumnado-del-nuevo-Proyecto-eTwinning-en-el-Rinc\u00f3n-Erasmus-Hall-300x225.jpg 300w, https:\/\/blogsaverroes.juntadeandalucia.es\/plurilinguismodelegacionmalaga\/files\/2022\/06\/Foto-15.-Alumnado-del-nuevo-Proyecto-eTwinning-en-el-Rinc\u00f3n-Erasmus-Hall-1024x768.jpg 1024w, https:\/\/blogsaverroes.juntadeandalucia.es\/plurilinguismodelegacionmalaga\/files\/2022\/06\/Foto-15.-Alumnado-del-nuevo-Proyecto-eTwinning-en-el-Rinc\u00f3n-Erasmus-Hall-768x576.jpg 768w, https:\/\/blogsaverroes.juntadeandalucia.es\/plurilinguismodelegacionmalaga\/files\/2022\/06\/Foto-15.-Alumnado-del-nuevo-Proyecto-eTwinning-en-el-Rinc\u00f3n-Erasmus-Hall-1536x1152.jpg 1536w, https:\/\/blogsaverroes.juntadeandalucia.es\/plurilinguismodelegacionmalaga\/files\/2022\/06\/Foto-15.-Alumnado-del-nuevo-Proyecto-eTwinning-en-el-Rinc\u00f3n-Erasmus-Hall-2048x1536.jpg 2048w\" sizes=\"(max-width: 507px) 100vw, 507px\" \/><span style=\"font-weight: 400\">(Foto 15. Alumnado del nuevo proyecto eTwinning en el Rinc\u00f3n Erasmus Hall)<\/span><\/p>\n<p>&nbsp;<\/p>\n<p style=\"text-align: center\"><img loading=\"lazy\" decoding=\"async\" class=\"wp-image-9765 aligncenter\" src=\"https:\/\/blogsaverroes.juntadeandalucia.es\/plurilinguismodelegacionmalaga\/files\/2022\/06\/Foto-16.-La-coordinadora-Erasmus-Prof.-Silvia-Mahedero-en-el-nuevo-Rinc\u00f3n-Erasmus-Foso-1-scaled.jpg\" alt=\"\" width=\"519\" height=\"389\" srcset=\"https:\/\/blogsaverroes.juntadeandalucia.es\/plurilinguismodelegacionmalaga\/files\/2022\/06\/Foto-16.-La-coordinadora-Erasmus-Prof.-Silvia-Mahedero-en-el-nuevo-Rinc\u00f3n-Erasmus-Foso-1-scaled.jpg 2560w, https:\/\/blogsaverroes.juntadeandalucia.es\/plurilinguismodelegacionmalaga\/files\/2022\/06\/Foto-16.-La-coordinadora-Erasmus-Prof.-Silvia-Mahedero-en-el-nuevo-Rinc\u00f3n-Erasmus-Foso-1-300x225.jpg 300w, https:\/\/blogsaverroes.juntadeandalucia.es\/plurilinguismodelegacionmalaga\/files\/2022\/06\/Foto-16.-La-coordinadora-Erasmus-Prof.-Silvia-Mahedero-en-el-nuevo-Rinc\u00f3n-Erasmus-Foso-1-1024x768.jpg 1024w, https:\/\/blogsaverroes.juntadeandalucia.es\/plurilinguismodelegacionmalaga\/files\/2022\/06\/Foto-16.-La-coordinadora-Erasmus-Prof.-Silvia-Mahedero-en-el-nuevo-Rinc\u00f3n-Erasmus-Foso-1-768x576.jpg 768w, https:\/\/blogsaverroes.juntadeandalucia.es\/plurilinguismodelegacionmalaga\/files\/2022\/06\/Foto-16.-La-coordinadora-Erasmus-Prof.-Silvia-Mahedero-en-el-nuevo-Rinc\u00f3n-Erasmus-Foso-1-1536x1152.jpg 1536w, https:\/\/blogsaverroes.juntadeandalucia.es\/plurilinguismodelegacionmalaga\/files\/2022\/06\/Foto-16.-La-coordinadora-Erasmus-Prof.-Silvia-Mahedero-en-el-nuevo-Rinc\u00f3n-Erasmus-Foso-1-2048x1536.jpg 2048w\" sizes=\"(max-width: 519px) 100vw, 519px\" \/><\/p>\n<p style=\"text-align: center\"><span style=\"font-weight: 400\">(Foto 16. La coordinadora Erasmus Prof. Silvia Mahedero en el nuevo Rinc\u00f3n Erasmus Foso)<\/span><\/p>\n<p>&nbsp;<\/p>\n<p><span style=\"font-weight: 400\">Este curso el CPM Manuel Carra&nbsp; ha participado por primera vez en los Erasmus Days en Octubre de 2021 con un Padlet de difusi\u00f3n de todas nuestras acciones Erasmus + <\/span><a href=\"https:\/\/twitter.com\/CPMManuelCarra\/status\/1448322726142398471?s=20&amp;t=NciPrUYnKCMNKfT5qO_eww\"><span style=\"font-weight: 400\">Erasmusdays 2021<\/span><\/a><\/p>\n<p><span style=\"font-weight: 400\">Destacar tambi\u00e9n que una de las coordinadoras Erasmus+ del centro, Prof. Estefan\u00eda Guerra, tuvo la oportunidad de difundir las acciones Erasmus + este curso, para que sirvieran de referente a centros hom\u00f3logos, en una ponencia organizada desde el Centro de Profesorado de M\u00e1laga y vinculada a las buenas pr\u00e1cticas en pluriling\u00fcismo; para la Formaci\u00f3n del Personal funcionario en pr\u00e1cticas 2021-2022.&nbsp;<\/span><\/p>\n<p><span style=\"font-weight: 400\">Finalmente matizar que se han establecido acuerdos con el<\/span><i><span style=\"font-weight: 400\"> Conservatorio Santa Cecilia de Roma <\/span><\/i><span style=\"font-weight: 400\">para poder recibir en el CPM Manuel Carra a lo largo del curso 2022-2023 al espl\u00e9ndido guitarrista <\/span><b>Andrea Magliocchetti, <\/b><span style=\"font-weight: 400\">dentro de las actividades Erasmus + (Acogida de profesores y educadores en formaci\u00f3n). Lo cual constituir\u00e1 una acci\u00f3n sin precedentes en los conservatorios andaluces.<\/span><\/p>\n","protected":false},"excerpt":{"rendered":"<p>EL CPM MANUEL CARRA SIEMPRE E+ El proyecto Erasmus + cada vez tiene m\u00e1s calado en el CPM Manuel Carra. Cada a\u00f1o incrementa sus logros en Andaluc\u00eda llevando a cabo acciones relevantes en el&#46;&#46;&#46;<\/p>\n","protected":false},"author":8062,"featured_media":9750,"comment_status":"open","ping_status":"open","sticky":false,"template":"","format":"standard","meta":{"ngg_post_thumbnail":0,"footnotes":""},"categories":[21040,10635],"tags":[],"aioseo_notices":[],"_links":{"self":[{"href":"https:\/\/blogsaverroes.juntadeandalucia.es\/plurilinguismodelegacionmalaga\/wp-json\/wp\/v2\/posts\/9747"}],"collection":[{"href":"https:\/\/blogsaverroes.juntadeandalucia.es\/plurilinguismodelegacionmalaga\/wp-json\/wp\/v2\/posts"}],"about":[{"href":"https:\/\/blogsaverroes.juntadeandalucia.es\/plurilinguismodelegacionmalaga\/wp-json\/wp\/v2\/types\/post"}],"author":[{"embeddable":true,"href":"https:\/\/blogsaverroes.juntadeandalucia.es\/plurilinguismodelegacionmalaga\/wp-json\/wp\/v2\/users\/8062"}],"replies":[{"embeddable":true,"href":"https:\/\/blogsaverroes.juntadeandalucia.es\/plurilinguismodelegacionmalaga\/wp-json\/wp\/v2\/comments?post=9747"}],"version-history":[{"count":1,"href":"https:\/\/blogsaverroes.juntadeandalucia.es\/plurilinguismodelegacionmalaga\/wp-json\/wp\/v2\/posts\/9747\/revisions"}],"predecessor-version":[{"id":9768,"href":"https:\/\/blogsaverroes.juntadeandalucia.es\/plurilinguismodelegacionmalaga\/wp-json\/wp\/v2\/posts\/9747\/revisions\/9768"}],"wp:featuredmedia":[{"embeddable":true,"href":"https:\/\/blogsaverroes.juntadeandalucia.es\/plurilinguismodelegacionmalaga\/wp-json\/wp\/v2\/media\/9750"}],"wp:attachment":[{"href":"https:\/\/blogsaverroes.juntadeandalucia.es\/plurilinguismodelegacionmalaga\/wp-json\/wp\/v2\/media?parent=9747"}],"wp:term":[{"taxonomy":"category","embeddable":true,"href":"https:\/\/blogsaverroes.juntadeandalucia.es\/plurilinguismodelegacionmalaga\/wp-json\/wp\/v2\/categories?post=9747"},{"taxonomy":"post_tag","embeddable":true,"href":"https:\/\/blogsaverroes.juntadeandalucia.es\/plurilinguismodelegacionmalaga\/wp-json\/wp\/v2\/tags?post=9747"}],"curies":[{"name":"wp","href":"https:\/\/api.w.org\/{rel}","templated":true}]}}